{"id":9719,"date":"2026-01-19T10:35:42","date_gmt":"2026-01-19T15:35:42","guid":{"rendered":"https:\/\/compromisoverde.org\/?p=9719"},"modified":"2026-01-19T10:37:03","modified_gmt":"2026-01-19T15:37:03","slug":"balance-2025-un-ano-de-consolidacion-y-avances-para-compromiso-verde","status":"publish","type":"post","link":"https:\/\/compromisoverde.org\/en\/2026\/01\/balance-2025-un-ano-de-consolidacion-y-avances-para-compromiso-verde\/","title":{"rendered":"Balance 2025: un a\u00f1o de consolidaci\u00f3n y avances para Compromiso Verde"},"content":{"rendered":"<p class=\"wp-block-paragraph\">Al iniciar el 2026, queremos compartir un balance del trabajo realizado por Compromiso Verde durante el \u00faltimo a\u00f1o. 2025 fue un per\u00edodo de crecimiento, aprendizaje y consolidaci\u00f3n institucional, en el que dimos pasos importantes en todas nuestras \u00e1reas de acci\u00f3n, fortaleciendo nuestra capacidad de generar cambios reales y sostenidos para los animales.<\/p>\n\n\n\n<h2 class=\"wp-block-heading\">\u00c1rea corporativa: avanzar hacia cadenas de suministro m\u00e1s responsables<\/h2>\n\n\n\n<figure class=\"wp-block-image size-large\"><img data-dominant-color=\"aac1bc\" data-has-transparency=\"false\" style=\"--dominant-color: #aac1bc;\" fetchpriority=\"high\" decoding=\"async\" width=\"1024\" height=\"1024\" sizes=\"(max-width: 1024px) 100vw, 1024px\" src=\"https:\/\/compromisoverde.org\/wp-content\/uploads\/2026\/01\/2-1024x1024.avif\" alt=\"\" class=\"wp-image-9720 not-transparent\" srcset=\"https:\/\/compromisoverde.org\/wp-content\/uploads\/2026\/01\/2-1024x1024.avif 1024w, https:\/\/compromisoverde.org\/wp-content\/uploads\/2026\/01\/2-300x300.avif 300w, https:\/\/compromisoverde.org\/wp-content\/uploads\/2026\/01\/2-150x150.avif 150w, https:\/\/compromisoverde.org\/wp-content\/uploads\/2026\/01\/2-768x768.avif 768w, https:\/\/compromisoverde.org\/wp-content\/uploads\/2026\/01\/2-12x12.avif 12w, https:\/\/compromisoverde.org\/wp-content\/uploads\/2026\/01\/2-400x400.avif 400w, https:\/\/compromisoverde.org\/wp-content\/uploads\/2026\/01\/2-600x600.avif 600w, https:\/\/compromisoverde.org\/wp-content\/uploads\/2026\/01\/2.avif 1080w\" \/><\/figure>\n\n\n\n<p class=\"wp-block-paragraph\">Durante 2025 fortalecimos de manera significativa nuestro programa de relacionamiento corporativo. A trav\u00e9s de un trabajo sostenido de di\u00e1logo, seguimiento estrat\u00e9gico y alianzas sectoriales, logramos <strong>9 nuevos compromisos corporativos libres de jaulas<\/strong> en sectores como retail, hoteler\u00eda, manufactura y food service.<\/p>\n\n\n\n<p class=\"wp-block-paragraph\">Estos compromisos cubren <strong>28.9 millones de huevos al a\u00f1o<\/strong>, representando avances concretos hacia cadenas de suministro m\u00e1s responsables y alineadas con est\u00e1ndares de bienestar animal.<\/p>\n\n\n\n<p class=\"wp-block-paragraph\">Asimismo, ampliamos nuestra capacidad de an\u00e1lisis y planificaci\u00f3n: <strong>325 nuevas empresas<\/strong> fueron incorporadas a nuestra base de datos, y hoy contamos con <strong>858 compa\u00f1\u00edas mapeadas y segmentadas<\/strong>, lo que nos permite identificar oportunidades de alto impacto y proyectar campa\u00f1as con mayor precisi\u00f3n.<\/p>\n\n\n\n<h2 class=\"wp-block-heading\">Campa\u00f1as: presi\u00f3n estrat\u00e9gica para acelerar compromisos reales<\/h2>\n\n\n\n<p class=\"wp-block-paragraph\">En 2025 sostuvimos <strong>tres campa\u00f1as corporativas activas<\/strong>, combinando comunicaci\u00f3n estrat\u00e9gica, acciones p\u00fablicas, presi\u00f3n digital y movilizaci\u00f3n ciudadana. A este trabajo se sum\u00f3 el <strong>lanzamiento de una nueva campa\u00f1a nacional<\/strong> dirigida a uno de los grupos de retail m\u00e1s influyentes del pa\u00eds.<\/p>\n\n\n\n<p class=\"wp-block-paragraph\">La implementaci\u00f3n de una estrategia de escalamiento unificada nos permiti\u00f3 mantener visibilidad constante, reforzar la urgencia de nuestras demandas y elevar el est\u00e1ndar de responsabilidad corporativa dentro del debate p\u00fablico. Estas campa\u00f1as marcaron una etapa de mayor madurez y ambici\u00f3n en nuestro trabajo de presi\u00f3n estrat\u00e9gica.<\/p>\n\n\n\n<figure class=\"wp-block-image size-large\"><img data-dominant-color=\"92a3a4\" data-has-transparency=\"false\" style=\"--dominant-color: #92a3a4;\" decoding=\"async\" width=\"1024\" height=\"1024\" sizes=\"(max-width: 1024px) 100vw, 1024px\" src=\"https:\/\/compromisoverde.org\/wp-content\/uploads\/2026\/01\/3-1024x1024.avif\" alt=\"\" class=\"wp-image-9725 not-transparent\" srcset=\"https:\/\/compromisoverde.org\/wp-content\/uploads\/2026\/01\/3-1024x1024.avif 1024w, https:\/\/compromisoverde.org\/wp-content\/uploads\/2026\/01\/3-300x300.avif 300w, https:\/\/compromisoverde.org\/wp-content\/uploads\/2026\/01\/3-150x150.avif 150w, https:\/\/compromisoverde.org\/wp-content\/uploads\/2026\/01\/3-768x768.avif 768w, https:\/\/compromisoverde.org\/wp-content\/uploads\/2026\/01\/3-12x12.avif 12w, https:\/\/compromisoverde.org\/wp-content\/uploads\/2026\/01\/3-400x400.avif 400w, https:\/\/compromisoverde.org\/wp-content\/uploads\/2026\/01\/3-600x600.avif 600w, https:\/\/compromisoverde.org\/wp-content\/uploads\/2026\/01\/3.avif 1080w\" \/><\/figure>\n\n\n\n<figure class=\"wp-block-image size-large\"><img data-dominant-color=\"97a4a2\" data-has-transparency=\"false\" style=\"--dominant-color: #97a4a2;\" decoding=\"async\" width=\"1080\" height=\"1080\" sizes=\"(max-width: 1024px) 100vw, 1024px\" src=\"https:\/\/compromisoverde.org\/wp-content\/uploads\/2026\/01\/4-1024x1024.avif\" alt=\"\" class=\"wp-image-9724 not-transparent\" srcset=\"https:\/\/compromisoverde.org\/wp-content\/uploads\/2026\/01\/4-1024x1024.avif 1024w, https:\/\/compromisoverde.org\/wp-content\/uploads\/2026\/01\/4-300x300.avif 300w, https:\/\/compromisoverde.org\/wp-content\/uploads\/2026\/01\/4-150x150.avif 150w, https:\/\/compromisoverde.org\/wp-content\/uploads\/2026\/01\/4-768x768.avif 768w, https:\/\/compromisoverde.org\/wp-content\/uploads\/2026\/01\/4-12x12.avif 12w, https:\/\/compromisoverde.org\/wp-content\/uploads\/2026\/01\/4-400x400.avif 400w, https:\/\/compromisoverde.org\/wp-content\/uploads\/2026\/01\/4-600x600.avif 600w, https:\/\/compromisoverde.org\/wp-content\/uploads\/2026\/01\/4.avif 1080w\" \/><\/figure>\n\n\n\n<figure class=\"wp-block-image size-large\"><img data-dominant-color=\"91a4a1\" data-has-transparency=\"false\" style=\"--dominant-color: #91a4a1;\" loading=\"lazy\" decoding=\"async\" width=\"1024\" height=\"1024\" sizes=\"(max-width: 1024px) 100vw, 1024px\" src=\"https:\/\/compromisoverde.org\/wp-content\/uploads\/2026\/01\/5-1024x1024.avif\" alt=\"\" class=\"wp-image-9723 not-transparent\" srcset=\"https:\/\/compromisoverde.org\/wp-content\/uploads\/2026\/01\/5-1024x1024.avif 1024w, https:\/\/compromisoverde.org\/wp-content\/uploads\/2026\/01\/5-300x300.avif 300w, https:\/\/compromisoverde.org\/wp-content\/uploads\/2026\/01\/5-150x150.avif 150w, https:\/\/compromisoverde.org\/wp-content\/uploads\/2026\/01\/5-768x768.avif 768w, https:\/\/compromisoverde.org\/wp-content\/uploads\/2026\/01\/5-12x12.avif 12w, https:\/\/compromisoverde.org\/wp-content\/uploads\/2026\/01\/5-400x400.avif 400w, https:\/\/compromisoverde.org\/wp-content\/uploads\/2026\/01\/5-600x600.avif 600w, https:\/\/compromisoverde.org\/wp-content\/uploads\/2026\/01\/5.avif 1080w\" \/><\/figure>\n\n\n\n<h2 class=\"wp-block-heading\">Voluntariado y comunidad: construir movimiento desde lo colectivo<\/h2>\n\n\n\n<p class=\"wp-block-paragraph\">Nuestra red de voluntariado, <strong>Open Cages<\/strong>, continu\u00f3 consolid\u00e1ndose como una plataforma nacional de participaci\u00f3n ciudadana. A lo largo del a\u00f1o contamos con <strong>200 voluntarias y voluntarios activos<\/strong>, que apoyaron acciones presenciales y digitales en distintas regiones del pa\u00eds.<\/p>\n\n\n\n<p class=\"wp-block-paragraph\">Un hito clave fue la realizaci\u00f3n del <strong>Primer Encuentro Nacional de Voluntariado<\/strong>, que reuni\u00f3 a <strong>m\u00e1s de 120 personas<\/strong> y permiti\u00f3 coordinar esfuerzos, fortalecer capacidades y generar comunidad. En una sola jornada se realizaron <strong>464 acciones digitales<\/strong>, reflejando la fuerza colectiva de la red.<\/p>\n\n\n\n<figure class=\"wp-block-image size-large\"><img data-dominant-color=\"96a8a2\" data-has-transparency=\"false\" style=\"--dominant-color: #96a8a2;\" loading=\"lazy\" decoding=\"async\" width=\"1024\" height=\"1024\" sizes=\"(max-width: 1024px) 100vw, 1024px\" src=\"https:\/\/compromisoverde.org\/wp-content\/uploads\/2026\/01\/7-1024x1024.avif\" alt=\"\" class=\"wp-image-9722 not-transparent\" srcset=\"https:\/\/compromisoverde.org\/wp-content\/uploads\/2026\/01\/7-1024x1024.avif 1024w, https:\/\/compromisoverde.org\/wp-content\/uploads\/2026\/01\/7-300x300.avif 300w, https:\/\/compromisoverde.org\/wp-content\/uploads\/2026\/01\/7-150x150.avif 150w, https:\/\/compromisoverde.org\/wp-content\/uploads\/2026\/01\/7-768x768.avif 768w, https:\/\/compromisoverde.org\/wp-content\/uploads\/2026\/01\/7-12x12.avif 12w, https:\/\/compromisoverde.org\/wp-content\/uploads\/2026\/01\/7-400x400.avif 400w, https:\/\/compromisoverde.org\/wp-content\/uploads\/2026\/01\/7-600x600.avif 600w, https:\/\/compromisoverde.org\/wp-content\/uploads\/2026\/01\/7.avif 1080w\" \/><\/figure>\n\n\n\n<p class=\"wp-block-paragraph\">Tambi\u00e9n participamos en espacios regionales como <strong>EXA 2025<\/strong>, donde se completaron <strong>174 acciones digitales adicionales<\/strong>, y organizamos <strong>Fiesta del Futuro<\/strong>, un evento que reuni\u00f3 a <strong>150 personas<\/strong> entre activistas, aliados y marcas, fortaleciendo la cohesi\u00f3n y el sentido de pertenencia dentro del movimiento.<\/p>\n\n\n\n<figure class=\"wp-block-image size-large\"><img data-dominant-color=\"909e9c\" data-has-transparency=\"false\" style=\"--dominant-color: #909e9c;\" loading=\"lazy\" decoding=\"async\" width=\"1024\" height=\"1024\" sizes=\"(max-width: 1024px) 100vw, 1024px\" src=\"https:\/\/compromisoverde.org\/wp-content\/uploads\/2026\/01\/6-1024x1024.avif\" alt=\"\" class=\"wp-image-9726 not-transparent\" srcset=\"https:\/\/compromisoverde.org\/wp-content\/uploads\/2026\/01\/6-1024x1024.avif 1024w, https:\/\/compromisoverde.org\/wp-content\/uploads\/2026\/01\/6-300x300.avif 300w, https:\/\/compromisoverde.org\/wp-content\/uploads\/2026\/01\/6-150x150.avif 150w, https:\/\/compromisoverde.org\/wp-content\/uploads\/2026\/01\/6-768x768.avif 768w, https:\/\/compromisoverde.org\/wp-content\/uploads\/2026\/01\/6-12x12.avif 12w, https:\/\/compromisoverde.org\/wp-content\/uploads\/2026\/01\/6-400x400.avif 400w, https:\/\/compromisoverde.org\/wp-content\/uploads\/2026\/01\/6-600x600.avif 600w, https:\/\/compromisoverde.org\/wp-content\/uploads\/2026\/01\/6.avif 1080w\" \/><\/figure>\n\n\n\n<h2 class=\"wp-block-heading\">Pol\u00edticas p\u00fablicas: sentando bases para el cambio estructural<\/h2>\n\n\n\n<p class=\"wp-block-paragraph\">En el \u00e1mbito de incidencia pol\u00edtica, 2025 fue un a\u00f1o de construcci\u00f3n de bases s\u00f3lidas. Firmamos un <strong>acuerdo de cooperaci\u00f3n con una municipalidad provincial<\/strong>, que abarca ocho distritos, y avanzamos en el desarrollo de <strong>una ordenanza municipal<\/strong> orientada a promover pr\u00e1cticas libres de jaulas, cuya implementaci\u00f3n continuar\u00e1 durante 2026.<\/p>\n\n\n\n<p class=\"wp-block-paragraph\">Estos avances forman parte de una estrategia de largo plazo orientada a generar marcos normativos que acompa\u00f1en y refuercen los cambios en el sector productivo.<\/p>\n\n\n\n<h2 class=\"wp-block-heading\">Comunicaciones y posicionamiento p\u00fablico: ampliar el alcance del mensaje<\/h2>\n\n\n\n<figure class=\"wp-block-image size-large\"><img data-dominant-color=\"95a49e\" data-has-transparency=\"false\" style=\"--dominant-color: #95a49e;\" loading=\"lazy\" decoding=\"async\" width=\"1024\" height=\"1024\" sizes=\"(max-width: 1024px) 100vw, 1024px\" src=\"https:\/\/compromisoverde.org\/wp-content\/uploads\/2026\/01\/LOGROS-2025-CV-Video-para-Facebook-1024x1024.avif\" alt=\"\" class=\"wp-image-9721 not-transparent\" srcset=\"https:\/\/compromisoverde.org\/wp-content\/uploads\/2026\/01\/LOGROS-2025-CV-Video-para-Facebook-1024x1024.avif 1024w, https:\/\/compromisoverde.org\/wp-content\/uploads\/2026\/01\/LOGROS-2025-CV-Video-para-Facebook-300x300.avif 300w, https:\/\/compromisoverde.org\/wp-content\/uploads\/2026\/01\/LOGROS-2025-CV-Video-para-Facebook-150x150.avif 150w, https:\/\/compromisoverde.org\/wp-content\/uploads\/2026\/01\/LOGROS-2025-CV-Video-para-Facebook-768x768.avif 768w, https:\/\/compromisoverde.org\/wp-content\/uploads\/2026\/01\/LOGROS-2025-CV-Video-para-Facebook-12x12.avif 12w, https:\/\/compromisoverde.org\/wp-content\/uploads\/2026\/01\/LOGROS-2025-CV-Video-para-Facebook-400x400.avif 400w, https:\/\/compromisoverde.org\/wp-content\/uploads\/2026\/01\/LOGROS-2025-CV-Video-para-Facebook-600x600.avif 600w, https:\/\/compromisoverde.org\/wp-content\/uploads\/2026\/01\/LOGROS-2025-CV-Video-para-Facebook.avif 1080w\" \/><\/figure>\n\n\n\n<p class=\"wp-block-paragraph\">2025 fue el a\u00f1o de mayor crecimiento en visibilidad para Compromiso Verde. Alcanzamos <strong>m\u00e1s de 65 millones de impresiones<\/strong> y logramos <strong>235 apariciones en medios<\/strong> entre prensa escrita, radio, televisi\u00f3n y plataformas digitales.<\/p>\n\n\n\n<p class=\"wp-block-paragraph\">Un cambio especialmente relevante fue el posicionamiento de la organizaci\u00f3n como <strong>fuente confiable de informaci\u00f3n<\/strong>: por primera vez, periodistas comenzaron a contactarnos de forma proactiva para solicitar datos, an\u00e1lisis y vocer\u00edas, fortaleciendo nuestro rol dentro de la conversaci\u00f3n p\u00fablica sobre bienestar animal en el pa\u00eds.<\/p>\n\n\n\n<p class=\"wp-block-paragraph\">Gracias por acompa\u00f1arnos y por ser parte de este proceso. El trabajo realizado en 2025 nos permite iniciar el 2026 con una base s\u00f3lida, mayor claridad estrat\u00e9gica y el compromiso de seguir impulsando cambios estructurales hacia un sistema alimentario m\u00e1s justo y libre de crueldad.<\/p>","protected":false},"excerpt":{"rendered":"<p>Al iniciar el 2026, queremos compartir un balance del trabajo realizado por Compromiso Verde durante el \u00faltimo a\u00f1o. 2025 fue un per\u00edodo de crecimiento, aprendizaje y consolidaci\u00f3n institucional, en el que dimos pasos importantes en todas nuestras \u00e1reas de acci\u00f3n, fortaleciendo nuestra capacidad de generar cambios reales y sostenidos para los animales. \u00c1rea corporativa: avanzar [&hellip;]<\/p>\n","protected":false},"author":50,"featured_media":9727,"comment_status":"closed","ping_status":"open","sticky":false,"template":"","format":"standard","meta":{"footnotes":"","_links_to":"","_links_to_target":""},"categories":[20],"tags":[],"post_folder":[],"class_list":["post-9719","post","type-post","status-publish","format-standard","has-post-thumbnail","hentry","category-sostenibilidad"],"yoast_head":"<!-- This site is optimized with the Yoast SEO plugin v28.4 - https:\/\/yoast.com\/product\/yoast-seo-wordpress\/ -->\n<title>Balance 2025: un a\u00f1o de consolidaci\u00f3n y avances para Compromiso Verde - Compromiso Verde<\/title>\n<meta name=\"description\" content=\"Compromiso Verde\" \/>\n<meta name=\"robots\" content=\"index, follow, max-snippet:-1, max-image-preview:large, max-video-preview:-1\" \/>\n<link rel=\"canonical\" href=\"https:\/\/compromisoverde.org\/en\/2026\/01\/balance-2025-un-ano-de-consolidacion-y-avances-para-compromiso-verde\/\" \/>\n<meta property=\"og:locale\" content=\"en_GB\" \/>\n<meta property=\"og:type\" content=\"article\" \/>\n<meta property=\"og:title\" content=\"Balance 2025: un a\u00f1o de consolidaci\u00f3n y avances para Compromiso Verde - Compromiso Verde\" \/>\n<meta property=\"og:description\" content=\"Compromiso Verde\" \/>\n<meta property=\"og:url\" content=\"https:\/\/compromisoverde.org\/en\/2026\/01\/balance-2025-un-ano-de-consolidacion-y-avances-para-compromiso-verde\/\" \/>\n<meta property=\"og:site_name\" content=\"Compromiso Verde\" \/>\n<meta property=\"article:publisher\" content=\"https:\/\/www.facebook.com\/profile.php?id=100092195840988\" \/>\n<meta property=\"article:published_time\" content=\"2026-01-19T15:35:42+00:00\" \/>\n<meta property=\"article:modified_time\" content=\"2026-01-19T15:37:03+00:00\" \/>\n<meta property=\"og:image\" content=\"https:\/\/compromisoverde.org\/wp-content\/uploads\/2026\/01\/LOGROS-2025-CV-Video.avif\" \/>\n\t<meta property=\"og:image:width\" content=\"1200\" \/>\n\t<meta property=\"og:image:height\" content=\"675\" \/>\n\t<meta property=\"og:image:type\" content=\"image\/jpeg\" \/>\n<meta name=\"author\" content=\"Compromiso Verde\" \/>\n<meta name=\"twitter:card\" content=\"summary_large_image\" \/>\n<meta name=\"twitter:label1\" content=\"Written by\" \/>\n\t<meta name=\"twitter:data1\" content=\"Compromiso Verde\" \/>\n\t<meta name=\"twitter:label2\" content=\"Estimated reading time\" \/>\n\t<meta name=\"twitter:data2\" content=\"5 minutes\" \/>\n<script type=\"application\/ld+json\" class=\"yoast-schema-graph\">{\"@context\":\"https:\\\/\\\/schema.org\",\"@graph\":[{\"@type\":\"Article\",\"@id\":\"https:\\\/\\\/compromisoverde.org\\\/2026\\\/01\\\/balance-2025-un-ano-de-consolidacion-y-avances-para-compromiso-verde\\\/#article\",\"isPartOf\":{\"@id\":\"https:\\\/\\\/compromisoverde.org\\\/2026\\\/01\\\/balance-2025-un-ano-de-consolidacion-y-avances-para-compromiso-verde\\\/\"},\"author\":{\"name\":\"Compromiso Verde\",\"@id\":\"https:\\\/\\\/compromisoverde.org\\\/#\\\/schema\\\/person\\\/79f9d7d66d51a64ea57882a706b8251e\"},\"headline\":\"Balance 2025: un a\u00f1o de consolidaci\u00f3n y avances para Compromiso Verde\",\"datePublished\":\"2026-01-19T15:35:42+00:00\",\"dateModified\":\"2026-01-19T15:37:03+00:00\",\"mainEntityOfPage\":{\"@id\":\"https:\\\/\\\/compromisoverde.org\\\/2026\\\/01\\\/balance-2025-un-ano-de-consolidacion-y-avances-para-compromiso-verde\\\/\"},\"wordCount\":670,\"publisher\":{\"@id\":\"https:\\\/\\\/compromisoverde.org\\\/#organization\"},\"image\":{\"@id\":\"https:\\\/\\\/compromisoverde.org\\\/2026\\\/01\\\/balance-2025-un-ano-de-consolidacion-y-avances-para-compromiso-verde\\\/#primaryimage\"},\"thumbnailUrl\":\"https:\\\/\\\/compromisoverde.org\\\/wp-content\\\/uploads\\\/2026\\\/01\\\/LOGROS-2025-CV-Video.avif\",\"articleSection\":[\"Sostenibilidad\"],\"inLanguage\":\"en-GB\"},{\"@type\":\"WebPage\",\"@id\":\"https:\\\/\\\/compromisoverde.org\\\/2026\\\/01\\\/balance-2025-un-ano-de-consolidacion-y-avances-para-compromiso-verde\\\/\",\"url\":\"https:\\\/\\\/compromisoverde.org\\\/2026\\\/01\\\/balance-2025-un-ano-de-consolidacion-y-avances-para-compromiso-verde\\\/\",\"name\":\"Balance 2025: un a\u00f1o de consolidaci\u00f3n y avances para Compromiso Verde - Compromiso Verde\",\"isPartOf\":{\"@id\":\"https:\\\/\\\/compromisoverde.org\\\/#website\"},\"primaryImageOfPage\":{\"@id\":\"https:\\\/\\\/compromisoverde.org\\\/2026\\\/01\\\/balance-2025-un-ano-de-consolidacion-y-avances-para-compromiso-verde\\\/#primaryimage\"},\"image\":{\"@id\":\"https:\\\/\\\/compromisoverde.org\\\/2026\\\/01\\\/balance-2025-un-ano-de-consolidacion-y-avances-para-compromiso-verde\\\/#primaryimage\"},\"thumbnailUrl\":\"https:\\\/\\\/compromisoverde.org\\\/wp-content\\\/uploads\\\/2026\\\/01\\\/LOGROS-2025-CV-Video.avif\",\"datePublished\":\"2026-01-19T15:35:42+00:00\",\"dateModified\":\"2026-01-19T15:37:03+00:00\",\"description\":\"Compromiso Verde\",\"breadcrumb\":{\"@id\":\"https:\\\/\\\/compromisoverde.org\\\/2026\\\/01\\\/balance-2025-un-ano-de-consolidacion-y-avances-para-compromiso-verde\\\/#breadcrumb\"},\"inLanguage\":\"en-GB\",\"potentialAction\":[{\"@type\":\"ReadAction\",\"target\":[\"https:\\\/\\\/compromisoverde.org\\\/2026\\\/01\\\/balance-2025-un-ano-de-consolidacion-y-avances-para-compromiso-verde\\\/\"]}]},{\"@type\":\"ImageObject\",\"inLanguage\":\"en-GB\",\"@id\":\"https:\\\/\\\/compromisoverde.org\\\/2026\\\/01\\\/balance-2025-un-ano-de-consolidacion-y-avances-para-compromiso-verde\\\/#primaryimage\",\"url\":\"https:\\\/\\\/compromisoverde.org\\\/wp-content\\\/uploads\\\/2026\\\/01\\\/LOGROS-2025-CV-Video.avif\",\"contentUrl\":\"https:\\\/\\\/compromisoverde.org\\\/wp-content\\\/uploads\\\/2026\\\/01\\\/LOGROS-2025-CV-Video.avif\",\"width\":1200,\"height\":675,\"caption\":\"LOGROS 2025 CV portada\"},{\"@type\":\"BreadcrumbList\",\"@id\":\"https:\\\/\\\/compromisoverde.org\\\/2026\\\/01\\\/balance-2025-un-ano-de-consolidacion-y-avances-para-compromiso-verde\\\/#breadcrumb\",\"itemListElement\":[{\"@type\":\"ListItem\",\"position\":1,\"name\":\"In\u00edcio\",\"item\":\"https:\\\/\\\/compromisoverde.org\\\/\"},{\"@type\":\"ListItem\",\"position\":2,\"name\":\"Balance 2025: un a\u00f1o de consolidaci\u00f3n y avances para Compromiso Verde\"}]},{\"@type\":\"WebSite\",\"@id\":\"https:\\\/\\\/compromisoverde.org\\\/#website\",\"url\":\"https:\\\/\\\/compromisoverde.org\\\/\",\"name\":\"Compromiso Verde\",\"description\":\"Compromiso Verde\",\"publisher\":{\"@id\":\"https:\\\/\\\/compromisoverde.org\\\/#organization\"},\"potentialAction\":[{\"@type\":\"SearchAction\",\"target\":{\"@type\":\"EntryPoint\",\"urlTemplate\":\"https:\\\/\\\/compromisoverde.org\\\/?s={search_term_string}\"},\"query-input\":{\"@type\":\"PropertyValueSpecification\",\"valueRequired\":true,\"valueName\":\"search_term_string\"}}],\"inLanguage\":\"en-GB\"},{\"@type\":\"Organization\",\"@id\":\"https:\\\/\\\/compromisoverde.org\\\/#organization\",\"name\":\"Compromiso Verde\",\"url\":\"https:\\\/\\\/compromisoverde.org\\\/\",\"logo\":{\"@type\":\"ImageObject\",\"inLanguage\":\"en-GB\",\"@id\":\"https:\\\/\\\/compromisoverde.org\\\/#\\\/schema\\\/logo\\\/image\\\/\",\"url\":\"https:\\\/\\\/compromisoverde.org\\\/wp-content\\\/uploads\\\/2022\\\/10\\\/logo-V-para-fundo-branco.png\",\"contentUrl\":\"https:\\\/\\\/compromisoverde.org\\\/wp-content\\\/uploads\\\/2022\\\/10\\\/logo-V-para-fundo-branco.png\",\"width\":900,\"height\":278,\"caption\":\"Compromiso Verde\"},\"image\":{\"@id\":\"https:\\\/\\\/compromisoverde.org\\\/#\\\/schema\\\/logo\\\/image\\\/\"},\"sameAs\":[\"https:\\\/\\\/www.facebook.com\\\/profile.php?id=100092195840988\",\"https:\\\/\\\/www.linkedin.com\\\/company\\\/compromisoverde\\\/\",\"https:\\\/\\\/www.instagram.com\\\/compromisoverde.ong\\\/\"]},{\"@type\":\"Person\",\"@id\":\"https:\\\/\\\/compromisoverde.org\\\/#\\\/schema\\\/person\\\/79f9d7d66d51a64ea57882a706b8251e\",\"name\":\"Compromiso Verde\",\"url\":\"https:\\\/\\\/compromisoverde.org\\\/en\\\/author\\\/sandracompromisoverde-org\\\/\"}]}<\/script>\n<!-- \/ Yoast SEO plugin. -->","yoast_head_json":{"title":"Balance 2025: un a\u00f1o de consolidaci\u00f3n y avances para Compromiso Verde - Compromiso Verde","description":"Green Commitment","robots":{"index":"index","follow":"follow","max-snippet":"max-snippet:-1","max-image-preview":"max-image-preview:large","max-video-preview":"max-video-preview:-1"},"canonical":"https:\/\/compromisoverde.org\/en\/2026\/01\/balance-2025-un-ano-de-consolidacion-y-avances-para-compromiso-verde\/","og_locale":"en_GB","og_type":"article","og_title":"Balance 2025: un a\u00f1o de consolidaci\u00f3n y avances para Compromiso Verde - Compromiso Verde","og_description":"Compromiso Verde","og_url":"https:\/\/compromisoverde.org\/en\/2026\/01\/balance-2025-un-ano-de-consolidacion-y-avances-para-compromiso-verde\/","og_site_name":"Compromiso Verde","article_publisher":"https:\/\/www.facebook.com\/profile.php?id=100092195840988","article_published_time":"2026-01-19T15:35:42+00:00","article_modified_time":"2026-01-19T15:37:03+00:00","og_image":[{"width":1200,"height":675,"url":"https:\/\/compromisoverde.org\/wp-content\/uploads\/2026\/01\/LOGROS-2025-CV-Video.avif","type":"image\/jpeg"}],"author":"Compromiso Verde","twitter_card":"summary_large_image","twitter_misc":{"Written by":"Compromiso Verde","Estimated reading time":"5 minutes"},"schema":{"@context":"https:\/\/schema.org","@graph":[{"@type":"Article","@id":"https:\/\/compromisoverde.org\/2026\/01\/balance-2025-un-ano-de-consolidacion-y-avances-para-compromiso-verde\/#article","isPartOf":{"@id":"https:\/\/compromisoverde.org\/2026\/01\/balance-2025-un-ano-de-consolidacion-y-avances-para-compromiso-verde\/"},"author":{"name":"Compromiso Verde","@id":"https:\/\/compromisoverde.org\/#\/schema\/person\/79f9d7d66d51a64ea57882a706b8251e"},"headline":"Balance 2025: un a\u00f1o de consolidaci\u00f3n y avances para Compromiso Verde","datePublished":"2026-01-19T15:35:42+00:00","dateModified":"2026-01-19T15:37:03+00:00","mainEntityOfPage":{"@id":"https:\/\/compromisoverde.org\/2026\/01\/balance-2025-un-ano-de-consolidacion-y-avances-para-compromiso-verde\/"},"wordCount":670,"publisher":{"@id":"https:\/\/compromisoverde.org\/#organization"},"image":{"@id":"https:\/\/compromisoverde.org\/2026\/01\/balance-2025-un-ano-de-consolidacion-y-avances-para-compromiso-verde\/#primaryimage"},"thumbnailUrl":"https:\/\/compromisoverde.org\/wp-content\/uploads\/2026\/01\/LOGROS-2025-CV-Video.avif","articleSection":["Sostenibilidad"],"inLanguage":"en-GB"},{"@type":"WebPage","@id":"https:\/\/compromisoverde.org\/2026\/01\/balance-2025-un-ano-de-consolidacion-y-avances-para-compromiso-verde\/","url":"https:\/\/compromisoverde.org\/2026\/01\/balance-2025-un-ano-de-consolidacion-y-avances-para-compromiso-verde\/","name":"Balance 2025: un a\u00f1o de consolidaci\u00f3n y avances para Compromiso Verde - Compromiso Verde","isPartOf":{"@id":"https:\/\/compromisoverde.org\/#website"},"primaryImageOfPage":{"@id":"https:\/\/compromisoverde.org\/2026\/01\/balance-2025-un-ano-de-consolidacion-y-avances-para-compromiso-verde\/#primaryimage"},"image":{"@id":"https:\/\/compromisoverde.org\/2026\/01\/balance-2025-un-ano-de-consolidacion-y-avances-para-compromiso-verde\/#primaryimage"},"thumbnailUrl":"https:\/\/compromisoverde.org\/wp-content\/uploads\/2026\/01\/LOGROS-2025-CV-Video.avif","datePublished":"2026-01-19T15:35:42+00:00","dateModified":"2026-01-19T15:37:03+00:00","description":"Green Commitment","breadcrumb":{"@id":"https:\/\/compromisoverde.org\/2026\/01\/balance-2025-un-ano-de-consolidacion-y-avances-para-compromiso-verde\/#breadcrumb"},"inLanguage":"en-GB","potentialAction":[{"@type":"ReadAction","target":["https:\/\/compromisoverde.org\/2026\/01\/balance-2025-un-ano-de-consolidacion-y-avances-para-compromiso-verde\/"]}]},{"@type":"ImageObject","inLanguage":"en-GB","@id":"https:\/\/compromisoverde.org\/2026\/01\/balance-2025-un-ano-de-consolidacion-y-avances-para-compromiso-verde\/#primaryimage","url":"https:\/\/compromisoverde.org\/wp-content\/uploads\/2026\/01\/LOGROS-2025-CV-Video.avif","contentUrl":"https:\/\/compromisoverde.org\/wp-content\/uploads\/2026\/01\/LOGROS-2025-CV-Video.avif","width":1200,"height":675,"caption":"LOGROS 2025 CV portada"},{"@type":"BreadcrumbList","@id":"https:\/\/compromisoverde.org\/2026\/01\/balance-2025-un-ano-de-consolidacion-y-avances-para-compromiso-verde\/#breadcrumb","itemListElement":[{"@type":"ListItem","position":1,"name":"In\u00edcio","item":"https:\/\/compromisoverde.org\/"},{"@type":"ListItem","position":2,"name":"Balance 2025: un a\u00f1o de consolidaci\u00f3n y avances para Compromiso Verde"}]},{"@type":"WebSite","@id":"https:\/\/compromisoverde.org\/#website","url":"https:\/\/compromisoverde.org\/","name":"Green Commitment","description":"Green Commitment","publisher":{"@id":"https:\/\/compromisoverde.org\/#organization"},"potentialAction":[{"@type":"SearchAction","target":{"@type":"EntryPoint","urlTemplate":"https:\/\/compromisoverde.org\/?s={search_term_string}"},"query-input":{"@type":"PropertyValueSpecification","valueRequired":true,"valueName":"search_term_string"}}],"inLanguage":"en-GB"},{"@type":"Organization","@id":"https:\/\/compromisoverde.org\/#organization","name":"Green Commitment","url":"https:\/\/compromisoverde.org\/","logo":{"@type":"ImageObject","inLanguage":"en-GB","@id":"https:\/\/compromisoverde.org\/#\/schema\/logo\/image\/","url":"https:\/\/compromisoverde.org\/wp-content\/uploads\/2022\/10\/logo-V-para-fundo-branco.png","contentUrl":"https:\/\/compromisoverde.org\/wp-content\/uploads\/2022\/10\/logo-V-para-fundo-branco.png","width":900,"height":278,"caption":"Compromiso Verde"},"image":{"@id":"https:\/\/compromisoverde.org\/#\/schema\/logo\/image\/"},"sameAs":["https:\/\/www.facebook.com\/profile.php?id=100092195840988","https:\/\/www.linkedin.com\/company\/compromisoverde\/","https:\/\/www.instagram.com\/compromisoverde.ong\/"]},{"@type":"Person","@id":"https:\/\/compromisoverde.org\/#\/schema\/person\/79f9d7d66d51a64ea57882a706b8251e","name":"Green Commitment","url":"https:\/\/compromisoverde.org\/en\/author\/sandracompromisoverde-org\/"}]}},"_links":{"self":[{"href":"https:\/\/compromisoverde.org\/en\/wp-json\/wp\/v2\/posts\/9719","targetHints":{"allow":["GET"]}}],"collection":[{"href":"https:\/\/compromisoverde.org\/en\/wp-json\/wp\/v2\/posts"}],"about":[{"href":"https:\/\/compromisoverde.org\/en\/wp-json\/wp\/v2\/types\/post"}],"author":[{"embeddable":true,"href":"https:\/\/compromisoverde.org\/en\/wp-json\/wp\/v2\/users\/50"}],"replies":[{"embeddable":true,"href":"https:\/\/compromisoverde.org\/en\/wp-json\/wp\/v2\/comments?post=9719"}],"version-history":[{"count":1,"href":"https:\/\/compromisoverde.org\/en\/wp-json\/wp\/v2\/posts\/9719\/revisions"}],"predecessor-version":[{"id":9729,"href":"https:\/\/compromisoverde.org\/en\/wp-json\/wp\/v2\/posts\/9719\/revisions\/9729"}],"wp:featuredmedia":[{"embeddable":true,"href":"https:\/\/compromisoverde.org\/en\/wp-json\/wp\/v2\/media\/9727"}],"wp:attachment":[{"href":"https:\/\/compromisoverde.org\/en\/wp-json\/wp\/v2\/media?parent=9719"}],"wp:term":[{"taxonomy":"category","embeddable":true,"href":"https:\/\/compromisoverde.org\/en\/wp-json\/wp\/v2\/categories?post=9719"},{"taxonomy":"post_tag","embeddable":true,"href":"https:\/\/compromisoverde.org\/en\/wp-json\/wp\/v2\/tags?post=9719"},{"taxonomy":"post_folder","embeddable":true,"href":"https:\/\/compromisoverde.org\/en\/wp-json\/wp\/v2\/post_folder?post=9719"}],"curies":[{"name":"wp","href":"https:\/\/api.w.org\/{rel}","templated":true}]}}