{"id":9585,"date":"2025-10-09T15:26:41","date_gmt":"2025-10-09T20:26:41","guid":{"rendered":"https:\/\/compromisoverde.org\/?p=9585"},"modified":"2026-05-18T13:31:41","modified_gmt":"2026-05-18T18:31:41","slug":"la-fiesta-del-futuro-una-noche-para-celebrar-el-cambio-que-ya-comenzo","status":"publish","type":"post","link":"https:\/\/compromisoverde.org\/en\/2025\/10\/la-fiesta-del-futuro-una-noche-para-celebrar-el-cambio-que-ya-comenzo\/","title":{"rendered":"La Fiesta del Futuro: una noche para celebrar el cambio que ya comenz\u00f3"},"content":{"rendered":"<div data-elementor-type=\"wp-post\" data-elementor-id=\"9585\" class=\"elementor elementor-9585\" data-elementor-post-type=\"post\">\n\t\t\t\t\t\t<section class=\"elementor-section elementor-top-section elementor-element elementor-element-41713cc elementor-section-boxed elementor-section-height-default elementor-section-height-default\" data-id=\"41713cc\" data-element_type=\"section\" data-e-type=\"section\">\n\t\t\t\t\t\t<div class=\"elementor-container elementor-column-gap-default\">\n\t\t\t\t\t<div class=\"elementor-column elementor-col-100 elementor-top-column elementor-element elementor-element-7da0052\" data-id=\"7da0052\" data-element_type=\"column\" data-e-type=\"column\">\n\t\t\t<div class=\"elementor-widget-wrap elementor-element-populated\">\n\t\t\t\t\t\t<div class=\"elementor-element elementor-element-62c965f elementor-widget elementor-widget-image\" data-id=\"62c965f\" data-element_type=\"widget\" data-e-type=\"widget\" data-widget_type=\"image.default\">\n\t\t\t\t<div class=\"elementor-widget-container\">\n\t\t\t\t\t\t\t\t\t\t\t\t\t\t\t<img fetchpriority=\"high\" width=\"800\" height=\"571\" src=\"https:\/\/compromisoverde.org\/wp-content\/uploads\/2025\/11\/image-5-1024x731.avif\" class=\"attachment-large size-large wp-image-9571 has-transparency\" alt=\"Fiesta del futuro\" decoding=\"async\" srcset=\"https:\/\/compromisoverde.org\/wp-content\/uploads\/2025\/11\/image-5-1024x731.avif 1024w, https:\/\/compromisoverde.org\/wp-content\/uploads\/2025\/11\/image-5-300x214.avif 300w, https:\/\/compromisoverde.org\/wp-content\/uploads\/2025\/11\/image-5-768x548.avif 768w, https:\/\/compromisoverde.org\/wp-content\/uploads\/2025\/11\/image-5-1536x1096.avif 1536w, https:\/\/compromisoverde.org\/wp-content\/uploads\/2025\/11\/image-5-18x12.avif 18w, https:\/\/compromisoverde.org\/wp-content\/uploads\/2025\/11\/image-5-png.avif 1600w\" sizes=\"(max-width: 800px) 100vw, 800px\" data-has-transparency=\"true\" data-dominant-color=\"715e73\" style=\"--dominant-color: #715e73\" \/>\t\t\t\t\t\t\t\t\t\t\t\t\t\t\t<\/div>\n\t\t\t\t<\/div>\n\t\t\t\t\t<\/div>\n\t\t<\/div>\n\t\t\t\t\t<\/div>\n\t\t<\/section>\n\t\t\t\t<section class=\"elementor-section elementor-top-section elementor-element elementor-element-20cd28a0 elementor-section-boxed elementor-section-height-default elementor-section-height-default\" data-id=\"20cd28a0\" data-element_type=\"section\" data-e-type=\"section\">\n\t\t\t\t\t\t<div class=\"elementor-container elementor-column-gap-default\">\n\t\t\t\t\t<div class=\"elementor-column elementor-col-100 elementor-top-column elementor-element elementor-element-4a284b87\" data-id=\"4a284b87\" data-element_type=\"column\" data-e-type=\"column\">\n\t\t\t<div class=\"elementor-widget-wrap elementor-element-populated\">\n\t\t\t\t\t\t<div class=\"elementor-element elementor-element-7cf8731e elementor-widget elementor-widget-text-editor\" data-id=\"7cf8731e\" data-element_type=\"widget\" data-e-type=\"widget\" data-widget_type=\"text-editor.default\">\n\t\t\t\t<div class=\"elementor-widget-container\">\n\t\t\t\t\t\t\t\t\t<p><\/p>\n<p class=\"wp-block-paragraph\">El 4 de octubre, en el marco del D\u00eda Mundial de los Animales, celebramos en La Patria Bar (Barranco) la Fiesta del Futuro, un encuentro que reuni\u00f3 a m\u00e1s de 150 personas entre activistas, voluntarios, aliados e influencers comprometidos con un mismo prop\u00f3sito: construir un mundo m\u00e1s justo y compasivo con los animales.<\/p>\n<p><\/p>\n<p class=\"wp-block-paragraph\">Entre los asistentes estuvieron Daniela Sarfati, M\u00f3nica Bamonde y Veggie Viajera, quienes se sumaron a esta experiencia junto a nuestra comunidad nacional de voluntarios Jaulas Abiertas.<\/p>\n<p><\/p>\n<h2 class=\"wp-block-heading\"><strong>Un futuro que se imagina desde la esperanza<\/strong><\/h2>\n<p><\/p>\n<p class=\"wp-block-paragraph\">Vivimos en un mundo donde los desaf\u00edos globales, el colapso clim\u00e1tico, las crisis sanitarias, la explotaci\u00f3n animal y la desconexi\u00f3n social, se sienten cada vez m\u00e1s urgentes. Frente a ello, muchas veces el futuro se imagina deshumanizado y dist\u00f3pico.<\/p>\n<p><\/p>\n<p class=\"wp-block-paragraph\">En Compromiso Verde creemos que a\u00fan estamos a tiempo de construir un camino distinto: uno donde la compasi\u00f3n, la comunidad y la justicia no solo sean posibles, sino inevitables.<\/p>\n<p><\/p>\n<p class=\"wp-block-paragraph\">La Fiesta del Futuro naci\u00f3 con ese prop\u00f3sito: mostrar que el cambio no solo es urgente, sino tambi\u00e9n inspirador. Que la transformaci\u00f3n puede vivirse con alegr\u00eda, creatividad y esperanza compartida.<\/p>\n<p><\/p>\n<h2 class=\"wp-block-heading\"><strong>Celebrar, conectar y fortalecer<\/strong><\/h2>\n<p><\/p>\n<figure class=\"wp-block-image size-large\"><img data-dominant-color=\"877972\" data-has-transparency=\"false\" style=\"--dominant-color: #877972;\" decoding=\"async\" width=\"1024\" height=\"682\" sizes=\"(max-width: 1024px) 100vw, 1024px\" class=\"wp-image-9586 not-transparent\" src=\"https:\/\/compromisoverde.org\/wp-content\/uploads\/2025\/11\/image-6-1024x682.avif\" alt=\"Fiesta del Futuro Vegano Sandra Lopes\" srcset=\"https:\/\/compromisoverde.org\/wp-content\/uploads\/2025\/11\/image-6-1024x682.avif 1024w, https:\/\/compromisoverde.org\/wp-content\/uploads\/2025\/11\/image-6-300x200.avif 300w, https:\/\/compromisoverde.org\/wp-content\/uploads\/2025\/11\/image-6-768x512.avif 768w, https:\/\/compromisoverde.org\/wp-content\/uploads\/2025\/11\/image-6-1536x1023.avif 1536w, https:\/\/compromisoverde.org\/wp-content\/uploads\/2025\/11\/image-6-18x12.avif 18w, https:\/\/compromisoverde.org\/wp-content\/uploads\/2025\/11\/image-6.avif 1600w\" \/><\/figure>\n<p><\/p>\n<p class=\"wp-block-paragraph\">Dise\u00f1amos esta experiencia como:<\/p>\n<p><\/p>\n<ul class=\"wp-block-list\">\n<li style=\"list-style-type: none;\">\n<ul class=\"wp-block-list\"><\/ul>\n<\/li>\n<\/ul>\n<p>\u00a0<\/p>\n<ul class=\"wp-block-list\">\n<li style=\"list-style-type: none;\">\n<ul class=\"wp-block-list\">\n<li><strong>Un espacio para celebrar los logros del movimiento<\/strong> y el esfuerzo de cada persona que impulsa el cambio.<\/li>\n<\/ul>\n<\/li>\n<\/ul>\n<p><\/p>\n<ul class=\"wp-block-list\">\n<li style=\"list-style-type: none;\">\n<ul class=\"wp-block-list\">\n<li><strong>Un puente hacia el futuro que queremos habitar<\/strong>, donde los animales, las personas y la naturaleza sean respetados.<\/li>\n<\/ul>\n<\/li>\n<\/ul>\n<p><\/p>\n<ul class=\"wp-block-list\">\n<li style=\"list-style-type: none;\">\n<ul class=\"wp-block-list\">\n<li><strong>Una invitaci\u00f3n abierta a sumarse a un movimiento<\/strong> que conecta, moviliza y transforma.<\/li>\n<\/ul>\n<\/li>\n<\/ul>\n<p><\/p>\n<p><\/p>\n<p class=\"wp-block-paragraph\">Durante la noche, compartimos m\u00fasica, experiencia y comida vegana gracias al apoyo de Peruvian Veef y LivingBites, que hicieron posible una de las mayores reuniones de la comunidad activista en el Per\u00fa.<\/p>\n<p><\/p>\n<h2 class=\"wp-block-heading\">El futuro se construye juntos<\/h2>\n<p><\/p>\n<p class=\"wp-block-paragraph\">La Fiesta del Futuro tambi\u00e9n fue una oportunidad para agradecer el trabajo de nuestros voluntarios, fortalecer los lazos dentro de la comunidad activista y visibilizar la causa en nuevos espacios. Porque creemos que el futuro no se espera: se construye, se celebra y se comparte.<\/p>\n<p><\/p>\t\t\t\t\t\t\t\t<\/div>\n\t\t\t\t<\/div>\n\t\t\t\t\t<\/div>\n\t\t<\/div>\n\t\t\t\t\t<\/div>\n\t\t<\/section>\n\t\t\t\t<\/div>","protected":false},"excerpt":{"rendered":"<p>El 4 de octubre, en el marco del D\u00eda Mundial de los Animales, celebramos en La Patria Bar (Barranco) la Fiesta del Futuro, un encuentro que reuni\u00f3 a m\u00e1s de 150 personas entre activistas, voluntarios, aliados e influencers comprometidos con un mismo prop\u00f3sito: construir un mundo m\u00e1s justo y compasivo con los animales. Entre los [&hellip;]<\/p>\n","protected":false},"author":50,"featured_media":9571,"comment_status":"closed","ping_status":"open","sticky":false,"template":"","format":"standard","meta":{"footnotes":"","_links_to":"","_links_to_target":""},"categories":[285],"tags":[],"post_folder":[],"class_list":["post-9585","post","type-post","status-publish","format-standard","has-post-thumbnail","hentry","category-voluntarios"],"yoast_head":"<!-- This site is optimized with the Yoast SEO plugin v28.4 - https:\/\/yoast.com\/product\/yoast-seo-wordpress\/ -->\n<title>La Fiesta del Futuro: una noche para celebrar el cambio que ya comenz\u00f3 - Compromiso Verde<\/title>\n<meta name=\"description\" content=\"Compromiso Verde\" \/>\n<meta name=\"robots\" content=\"index, follow, max-snippet:-1, max-image-preview:large, max-video-preview:-1\" \/>\n<link rel=\"canonical\" href=\"https:\/\/compromisoverde.org\/en\/2025\/10\/la-fiesta-del-futuro-una-noche-para-celebrar-el-cambio-que-ya-comenzo\/\" \/>\n<meta property=\"og:locale\" content=\"en_GB\" \/>\n<meta property=\"og:type\" content=\"article\" \/>\n<meta property=\"og:title\" content=\"La Fiesta del Futuro: una noche para celebrar el cambio que ya comenz\u00f3 - Compromiso Verde\" \/>\n<meta property=\"og:description\" content=\"Compromiso Verde\" \/>\n<meta property=\"og:url\" content=\"https:\/\/compromisoverde.org\/en\/2025\/10\/la-fiesta-del-futuro-una-noche-para-celebrar-el-cambio-que-ya-comenzo\/\" \/>\n<meta property=\"og:site_name\" content=\"Compromiso Verde\" \/>\n<meta property=\"article:publisher\" content=\"https:\/\/www.facebook.com\/profile.php?id=100092195840988\" \/>\n<meta property=\"article:published_time\" content=\"2025-10-09T20:26:41+00:00\" \/>\n<meta property=\"article:modified_time\" content=\"2026-05-18T18:31:41+00:00\" \/>\n<meta property=\"og:image\" content=\"https:\/\/compromisoverde.org\/wp-content\/uploads\/2025\/11\/image-5-png.avif\" \/>\n\t<meta property=\"og:image:width\" content=\"1600\" \/>\n\t<meta property=\"og:image:height\" content=\"1142\" \/>\n\t<meta property=\"og:image:type\" content=\"image\/png\" \/>\n<meta name=\"author\" content=\"Compromiso Verde\" \/>\n<meta name=\"twitter:card\" content=\"summary_large_image\" \/>\n<meta name=\"twitter:label1\" content=\"Written by\" \/>\n\t<meta name=\"twitter:data1\" content=\"Compromiso Verde\" \/>\n\t<meta name=\"twitter:label2\" content=\"Estimated reading time\" \/>\n\t<meta name=\"twitter:data2\" content=\"3 minutes\" \/>\n<script type=\"application\/ld+json\" class=\"yoast-schema-graph\">{\"@context\":\"https:\\\/\\\/schema.org\",\"@graph\":[{\"@type\":\"Article\",\"@id\":\"https:\\\/\\\/compromisoverde.org\\\/2025\\\/10\\\/la-fiesta-del-futuro-una-noche-para-celebrar-el-cambio-que-ya-comenzo\\\/#article\",\"isPartOf\":{\"@id\":\"https:\\\/\\\/compromisoverde.org\\\/2025\\\/10\\\/la-fiesta-del-futuro-una-noche-para-celebrar-el-cambio-que-ya-comenzo\\\/\"},\"author\":{\"name\":\"Compromiso Verde\",\"@id\":\"https:\\\/\\\/compromisoverde.org\\\/#\\\/schema\\\/person\\\/79f9d7d66d51a64ea57882a706b8251e\"},\"headline\":\"La Fiesta del Futuro: una noche para celebrar el cambio que ya comenz\u00f3\",\"datePublished\":\"2025-10-09T20:26:41+00:00\",\"dateModified\":\"2026-05-18T18:31:41+00:00\",\"mainEntityOfPage\":{\"@id\":\"https:\\\/\\\/compromisoverde.org\\\/2025\\\/10\\\/la-fiesta-del-futuro-una-noche-para-celebrar-el-cambio-que-ya-comenzo\\\/\"},\"wordCount\":356,\"publisher\":{\"@id\":\"https:\\\/\\\/compromisoverde.org\\\/#organization\"},\"image\":{\"@id\":\"https:\\\/\\\/compromisoverde.org\\\/2025\\\/10\\\/la-fiesta-del-futuro-una-noche-para-celebrar-el-cambio-que-ya-comenzo\\\/#primaryimage\"},\"thumbnailUrl\":\"https:\\\/\\\/compromisoverde.org\\\/wp-content\\\/uploads\\\/2025\\\/11\\\/image-5-png.avif\",\"articleSection\":[\"Voluntarios\"],\"inLanguage\":\"en-GB\"},{\"@type\":\"WebPage\",\"@id\":\"https:\\\/\\\/compromisoverde.org\\\/2025\\\/10\\\/la-fiesta-del-futuro-una-noche-para-celebrar-el-cambio-que-ya-comenzo\\\/\",\"url\":\"https:\\\/\\\/compromisoverde.org\\\/2025\\\/10\\\/la-fiesta-del-futuro-una-noche-para-celebrar-el-cambio-que-ya-comenzo\\\/\",\"name\":\"La Fiesta del Futuro: una noche para celebrar el cambio que ya comenz\u00f3 - Compromiso Verde\",\"isPartOf\":{\"@id\":\"https:\\\/\\\/compromisoverde.org\\\/#website\"},\"primaryImageOfPage\":{\"@id\":\"https:\\\/\\\/compromisoverde.org\\\/2025\\\/10\\\/la-fiesta-del-futuro-una-noche-para-celebrar-el-cambio-que-ya-comenzo\\\/#primaryimage\"},\"image\":{\"@id\":\"https:\\\/\\\/compromisoverde.org\\\/2025\\\/10\\\/la-fiesta-del-futuro-una-noche-para-celebrar-el-cambio-que-ya-comenzo\\\/#primaryimage\"},\"thumbnailUrl\":\"https:\\\/\\\/compromisoverde.org\\\/wp-content\\\/uploads\\\/2025\\\/11\\\/image-5-png.avif\",\"datePublished\":\"2025-10-09T20:26:41+00:00\",\"dateModified\":\"2026-05-18T18:31:41+00:00\",\"description\":\"Compromiso Verde\",\"breadcrumb\":{\"@id\":\"https:\\\/\\\/compromisoverde.org\\\/2025\\\/10\\\/la-fiesta-del-futuro-una-noche-para-celebrar-el-cambio-que-ya-comenzo\\\/#breadcrumb\"},\"inLanguage\":\"en-GB\",\"potentialAction\":[{\"@type\":\"ReadAction\",\"target\":[\"https:\\\/\\\/compromisoverde.org\\\/2025\\\/10\\\/la-fiesta-del-futuro-una-noche-para-celebrar-el-cambio-que-ya-comenzo\\\/\"]}]},{\"@type\":\"ImageObject\",\"inLanguage\":\"en-GB\",\"@id\":\"https:\\\/\\\/compromisoverde.org\\\/2025\\\/10\\\/la-fiesta-del-futuro-una-noche-para-celebrar-el-cambio-que-ya-comenzo\\\/#primaryimage\",\"url\":\"https:\\\/\\\/compromisoverde.org\\\/wp-content\\\/uploads\\\/2025\\\/11\\\/image-5-png.avif\",\"contentUrl\":\"https:\\\/\\\/compromisoverde.org\\\/wp-content\\\/uploads\\\/2025\\\/11\\\/image-5-png.avif\",\"width\":1600,\"height\":1142,\"caption\":\"Fiesta del futuro\"},{\"@type\":\"BreadcrumbList\",\"@id\":\"https:\\\/\\\/compromisoverde.org\\\/2025\\\/10\\\/la-fiesta-del-futuro-una-noche-para-celebrar-el-cambio-que-ya-comenzo\\\/#breadcrumb\",\"itemListElement\":[{\"@type\":\"ListItem\",\"position\":1,\"name\":\"In\u00edcio\",\"item\":\"https:\\\/\\\/compromisoverde.org\\\/\"},{\"@type\":\"ListItem\",\"position\":2,\"name\":\"La Fiesta del Futuro: una noche para celebrar el cambio que ya comenz\u00f3\"}]},{\"@type\":\"WebSite\",\"@id\":\"https:\\\/\\\/compromisoverde.org\\\/#website\",\"url\":\"https:\\\/\\\/compromisoverde.org\\\/\",\"name\":\"Compromiso Verde\",\"description\":\"Compromiso Verde\",\"publisher\":{\"@id\":\"https:\\\/\\\/compromisoverde.org\\\/#organization\"},\"potentialAction\":[{\"@type\":\"SearchAction\",\"target\":{\"@type\":\"EntryPoint\",\"urlTemplate\":\"https:\\\/\\\/compromisoverde.org\\\/?s={search_term_string}\"},\"query-input\":{\"@type\":\"PropertyValueSpecification\",\"valueRequired\":true,\"valueName\":\"search_term_string\"}}],\"inLanguage\":\"en-GB\"},{\"@type\":\"Organization\",\"@id\":\"https:\\\/\\\/compromisoverde.org\\\/#organization\",\"name\":\"Compromiso Verde\",\"url\":\"https:\\\/\\\/compromisoverde.org\\\/\",\"logo\":{\"@type\":\"ImageObject\",\"inLanguage\":\"en-GB\",\"@id\":\"https:\\\/\\\/compromisoverde.org\\\/#\\\/schema\\\/logo\\\/image\\\/\",\"url\":\"https:\\\/\\\/compromisoverde.org\\\/wp-content\\\/uploads\\\/2022\\\/10\\\/logo-V-para-fundo-branco.png\",\"contentUrl\":\"https:\\\/\\\/compromisoverde.org\\\/wp-content\\\/uploads\\\/2022\\\/10\\\/logo-V-para-fundo-branco.png\",\"width\":900,\"height\":278,\"caption\":\"Compromiso Verde\"},\"image\":{\"@id\":\"https:\\\/\\\/compromisoverde.org\\\/#\\\/schema\\\/logo\\\/image\\\/\"},\"sameAs\":[\"https:\\\/\\\/www.facebook.com\\\/profile.php?id=100092195840988\",\"https:\\\/\\\/www.linkedin.com\\\/company\\\/compromisoverde\\\/\",\"https:\\\/\\\/www.instagram.com\\\/compromisoverde.ong\\\/\"]},{\"@type\":\"Person\",\"@id\":\"https:\\\/\\\/compromisoverde.org\\\/#\\\/schema\\\/person\\\/79f9d7d66d51a64ea57882a706b8251e\",\"name\":\"Compromiso Verde\",\"url\":\"https:\\\/\\\/compromisoverde.org\\\/en\\\/author\\\/sandracompromisoverde-org\\\/\"}]}<\/script>\n<!-- \/ Yoast SEO plugin. -->","yoast_head_json":{"title":"La Fiesta del Futuro: una noche para celebrar el cambio que ya comenz\u00f3 - Compromiso Verde","description":"Green Commitment","robots":{"index":"index","follow":"follow","max-snippet":"max-snippet:-1","max-image-preview":"max-image-preview:large","max-video-preview":"max-video-preview:-1"},"canonical":"https:\/\/compromisoverde.org\/en\/2025\/10\/la-fiesta-del-futuro-una-noche-para-celebrar-el-cambio-que-ya-comenzo\/","og_locale":"en_GB","og_type":"article","og_title":"La Fiesta del Futuro: una noche para celebrar el cambio que ya comenz\u00f3 - Compromiso Verde","og_description":"Compromiso Verde","og_url":"https:\/\/compromisoverde.org\/en\/2025\/10\/la-fiesta-del-futuro-una-noche-para-celebrar-el-cambio-que-ya-comenzo\/","og_site_name":"Compromiso Verde","article_publisher":"https:\/\/www.facebook.com\/profile.php?id=100092195840988","article_published_time":"2025-10-09T20:26:41+00:00","article_modified_time":"2026-05-18T18:31:41+00:00","og_image":[{"width":1600,"height":1142,"url":"https:\/\/compromisoverde.org\/wp-content\/uploads\/2025\/11\/image-5-png.avif","type":"image\/png"}],"author":"Compromiso Verde","twitter_card":"summary_large_image","twitter_misc":{"Written by":"Compromiso Verde","Estimated reading time":"3 minutes"},"schema":{"@context":"https:\/\/schema.org","@graph":[{"@type":"Article","@id":"https:\/\/compromisoverde.org\/2025\/10\/la-fiesta-del-futuro-una-noche-para-celebrar-el-cambio-que-ya-comenzo\/#article","isPartOf":{"@id":"https:\/\/compromisoverde.org\/2025\/10\/la-fiesta-del-futuro-una-noche-para-celebrar-el-cambio-que-ya-comenzo\/"},"author":{"name":"Compromiso Verde","@id":"https:\/\/compromisoverde.org\/#\/schema\/person\/79f9d7d66d51a64ea57882a706b8251e"},"headline":"La Fiesta del Futuro: una noche para celebrar el cambio que ya comenz\u00f3","datePublished":"2025-10-09T20:26:41+00:00","dateModified":"2026-05-18T18:31:41+00:00","mainEntityOfPage":{"@id":"https:\/\/compromisoverde.org\/2025\/10\/la-fiesta-del-futuro-una-noche-para-celebrar-el-cambio-que-ya-comenzo\/"},"wordCount":356,"publisher":{"@id":"https:\/\/compromisoverde.org\/#organization"},"image":{"@id":"https:\/\/compromisoverde.org\/2025\/10\/la-fiesta-del-futuro-una-noche-para-celebrar-el-cambio-que-ya-comenzo\/#primaryimage"},"thumbnailUrl":"https:\/\/compromisoverde.org\/wp-content\/uploads\/2025\/11\/image-5-png.avif","articleSection":["Voluntarios"],"inLanguage":"en-GB"},{"@type":"WebPage","@id":"https:\/\/compromisoverde.org\/2025\/10\/la-fiesta-del-futuro-una-noche-para-celebrar-el-cambio-que-ya-comenzo\/","url":"https:\/\/compromisoverde.org\/2025\/10\/la-fiesta-del-futuro-una-noche-para-celebrar-el-cambio-que-ya-comenzo\/","name":"La Fiesta del Futuro: una noche para celebrar el cambio que ya comenz\u00f3 - Compromiso Verde","isPartOf":{"@id":"https:\/\/compromisoverde.org\/#website"},"primaryImageOfPage":{"@id":"https:\/\/compromisoverde.org\/2025\/10\/la-fiesta-del-futuro-una-noche-para-celebrar-el-cambio-que-ya-comenzo\/#primaryimage"},"image":{"@id":"https:\/\/compromisoverde.org\/2025\/10\/la-fiesta-del-futuro-una-noche-para-celebrar-el-cambio-que-ya-comenzo\/#primaryimage"},"thumbnailUrl":"https:\/\/compromisoverde.org\/wp-content\/uploads\/2025\/11\/image-5-png.avif","datePublished":"2025-10-09T20:26:41+00:00","dateModified":"2026-05-18T18:31:41+00:00","description":"Green Commitment","breadcrumb":{"@id":"https:\/\/compromisoverde.org\/2025\/10\/la-fiesta-del-futuro-una-noche-para-celebrar-el-cambio-que-ya-comenzo\/#breadcrumb"},"inLanguage":"en-GB","potentialAction":[{"@type":"ReadAction","target":["https:\/\/compromisoverde.org\/2025\/10\/la-fiesta-del-futuro-una-noche-para-celebrar-el-cambio-que-ya-comenzo\/"]}]},{"@type":"ImageObject","inLanguage":"en-GB","@id":"https:\/\/compromisoverde.org\/2025\/10\/la-fiesta-del-futuro-una-noche-para-celebrar-el-cambio-que-ya-comenzo\/#primaryimage","url":"https:\/\/compromisoverde.org\/wp-content\/uploads\/2025\/11\/image-5-png.avif","contentUrl":"https:\/\/compromisoverde.org\/wp-content\/uploads\/2025\/11\/image-5-png.avif","width":1600,"height":1142,"caption":"Fiesta del futuro"},{"@type":"BreadcrumbList","@id":"https:\/\/compromisoverde.org\/2025\/10\/la-fiesta-del-futuro-una-noche-para-celebrar-el-cambio-que-ya-comenzo\/#breadcrumb","itemListElement":[{"@type":"ListItem","position":1,"name":"In\u00edcio","item":"https:\/\/compromisoverde.org\/"},{"@type":"ListItem","position":2,"name":"La Fiesta del Futuro: una noche para celebrar el cambio que ya comenz\u00f3"}]},{"@type":"WebSite","@id":"https:\/\/compromisoverde.org\/#website","url":"https:\/\/compromisoverde.org\/","name":"Green Commitment","description":"Green Commitment","publisher":{"@id":"https:\/\/compromisoverde.org\/#organization"},"potentialAction":[{"@type":"SearchAction","target":{"@type":"EntryPoint","urlTemplate":"https:\/\/compromisoverde.org\/?s={search_term_string}"},"query-input":{"@type":"PropertyValueSpecification","valueRequired":true,"valueName":"search_term_string"}}],"inLanguage":"en-GB"},{"@type":"Organization","@id":"https:\/\/compromisoverde.org\/#organization","name":"Green Commitment","url":"https:\/\/compromisoverde.org\/","logo":{"@type":"ImageObject","inLanguage":"en-GB","@id":"https:\/\/compromisoverde.org\/#\/schema\/logo\/image\/","url":"https:\/\/compromisoverde.org\/wp-content\/uploads\/2022\/10\/logo-V-para-fundo-branco.png","contentUrl":"https:\/\/compromisoverde.org\/wp-content\/uploads\/2022\/10\/logo-V-para-fundo-branco.png","width":900,"height":278,"caption":"Compromiso Verde"},"image":{"@id":"https:\/\/compromisoverde.org\/#\/schema\/logo\/image\/"},"sameAs":["https:\/\/www.facebook.com\/profile.php?id=100092195840988","https:\/\/www.linkedin.com\/company\/compromisoverde\/","https:\/\/www.instagram.com\/compromisoverde.ong\/"]},{"@type":"Person","@id":"https:\/\/compromisoverde.org\/#\/schema\/person\/79f9d7d66d51a64ea57882a706b8251e","name":"Green Commitment","url":"https:\/\/compromisoverde.org\/en\/author\/sandracompromisoverde-org\/"}]}},"_links":{"self":[{"href":"https:\/\/compromisoverde.org\/en\/wp-json\/wp\/v2\/posts\/9585","targetHints":{"allow":["GET"]}}],"collection":[{"href":"https:\/\/compromisoverde.org\/en\/wp-json\/wp\/v2\/posts"}],"about":[{"href":"https:\/\/compromisoverde.org\/en\/wp-json\/wp\/v2\/types\/post"}],"author":[{"embeddable":true,"href":"https:\/\/compromisoverde.org\/en\/wp-json\/wp\/v2\/users\/50"}],"replies":[{"embeddable":true,"href":"https:\/\/compromisoverde.org\/en\/wp-json\/wp\/v2\/comments?post=9585"}],"version-history":[{"count":4,"href":"https:\/\/compromisoverde.org\/en\/wp-json\/wp\/v2\/posts\/9585\/revisions"}],"predecessor-version":[{"id":9591,"href":"https:\/\/compromisoverde.org\/en\/wp-json\/wp\/v2\/posts\/9585\/revisions\/9591"}],"wp:featuredmedia":[{"embeddable":true,"href":"https:\/\/compromisoverde.org\/en\/wp-json\/wp\/v2\/media\/9571"}],"wp:attachment":[{"href":"https:\/\/compromisoverde.org\/en\/wp-json\/wp\/v2\/media?parent=9585"}],"wp:term":[{"taxonomy":"category","embeddable":true,"href":"https:\/\/compromisoverde.org\/en\/wp-json\/wp\/v2\/categories?post=9585"},{"taxonomy":"post_tag","embeddable":true,"href":"https:\/\/compromisoverde.org\/en\/wp-json\/wp\/v2\/tags?post=9585"},{"taxonomy":"post_folder","embeddable":true,"href":"https:\/\/compromisoverde.org\/en\/wp-json\/wp\/v2\/post_folder?post=9585"}],"curies":[{"name":"wp","href":"https:\/\/api.w.org\/{rel}","templated":true}]}}