{"id":9565,"date":"2025-10-30T08:44:28","date_gmt":"2025-10-30T13:44:28","guid":{"rendered":"https:\/\/compromisoverde.org\/?p=9565"},"modified":"2025-11-03T08:46:08","modified_gmt":"2025-11-03T13:46:08","slug":"tres-meses-de-impacto-millones-de-razones-para-seguir-adelante","status":"publish","type":"post","link":"https:\/\/compromisoverde.org\/en\/2025\/10\/tres-meses-de-impacto-millones-de-razones-para-seguir-adelante\/","title":{"rendered":"Tres meses de impacto, millones de razones para seguir adelante"},"content":{"rendered":"<p class=\"wp-block-paragraph\">Los \u00faltimos tres meses han sido clave para seguir construyendo un Per\u00fa m\u00e1s justo para las gallinas ponedoras. Desde Compromiso Verde, trabajamos con determinaci\u00f3n para visibilizar la crueldad en la crianza de millones de gallinas, impulsar a las empresas que a\u00fan no se comprometen y fortalecer el activismo que genera el cambio. A continuaci\u00f3n, quiero contarte lo que hemos logrado en este trimestre.<\/p>\n\n\n\n<h3 class=\"wp-block-heading\"><strong>Vivanda: la campa\u00f1a contin\u00faa<\/strong><\/h3>\n\n\n\n<p class=\"wp-block-paragraph\">Continuamos la campa\u00f1a <em>Vivanda Sin Crueldad<\/em>, elevando el tono con una intervenci\u00f3n protagonizada por \u201cgallinas valla\u201d que llevaron un mensaje claro frente a sus tiendas: <a href=\"https:\/\/www.instagram.com\/p\/DOcJAGtjaxy\/\">\u201cVivanda, deja de vender huevos de gallinas enjauladas\u201d.<\/a><\/p>\n\n\n\n<figure class=\"wp-block-image size-large\"><img decoding=\"async\" src=\"https:\/\/compromisoverde.org\/wp-content\/uploads\/2025\/11\/image-6-1024x682.avif\" alt=\"\" class=\"wp-image-9572\"\/><\/figure>\n\n\n\n<p class=\"wp-block-paragraph\">El video de esta acci\u00f3n super\u00f3 las 17 mil reproducciones en redes sociales y gener\u00f3 apoyo espont\u00e1neo de personas comprometidas con un sistema alimentario m\u00e1s \u00e9tico. A pesar del silencio de la empresa, mantenemos la presi\u00f3n, porque sabemos que cada acci\u00f3n ciudadana es capaz de generar un cambio.<\/p>\n\n\n\n<h3 class=\"wp-block-heading\"><strong>29 Millones en Jaulas: 500 d\u00edas esperando una respuesta<\/strong><\/h3>\n\n\n\n<p class=\"wp-block-paragraph\">Nuestra campa\u00f1a enfocada en Casa Andina, una de las cadenas hoteleras m\u00e1s importantes del pa\u00eds, cumpli\u00f3 500 d\u00edas sin respuesta. Para visibilizar este hecho, realizamos una intervenci\u00f3n simb\u00f3lica: <a href=\"https:\/\/www.instagram.com\/p\/DMQ-sB8REJA\/\">entregamos una torta para \u201cno celebrar\u201d el aniversario de su silencio<\/a>, y llevamos a cabo una manifestaci\u00f3n frente a una de sus principales sedes.<\/p>\n\n\n\n<figure class=\"wp-block-image size-large\"><img data-dominant-color=\"8d7d7f\" data-has-transparency=\"false\" style=\"--dominant-color: #8d7d7f;\" fetchpriority=\"high\" decoding=\"async\" width=\"1024\" height=\"576\" sizes=\"(max-width: 1024px) 100vw, 1024px\" src=\"https:\/\/compromisoverde.org\/wp-content\/uploads\/2025\/11\/image-2-1024x576.avif\" alt=\"Campa\u00f1a Casa Andina\" class=\"wp-image-9568 not-transparent\" srcset=\"https:\/\/compromisoverde.org\/wp-content\/uploads\/2025\/11\/image-2-1024x576.avif 1024w, https:\/\/compromisoverde.org\/wp-content\/uploads\/2025\/11\/image-2-300x169.avif 300w, https:\/\/compromisoverde.org\/wp-content\/uploads\/2025\/11\/image-2-768x432.avif 768w, https:\/\/compromisoverde.org\/wp-content\/uploads\/2025\/11\/image-2-1536x864.avif 1536w, https:\/\/compromisoverde.org\/wp-content\/uploads\/2025\/11\/image-2-18x10.avif 18w, https:\/\/compromisoverde.org\/wp-content\/uploads\/2025\/11\/image-2.avif 1600w\" \/><\/figure>\n\n\n\n<p class=\"wp-block-paragraph\">La cuenta contin\u00faa y sigue marcando los d\u00edas de espera, recordando que su falta de compromiso tiene consecuencias reales sobre millones de animales.<\/p>\n\n\n\n<h3 class=\"wp-block-heading\"><strong>El ingrediente que no quieren mostrar<\/strong><\/h3>\n\n\n\n<p class=\"wp-block-paragraph\">En el marco de nuestra campa\u00f1a dirigida a La Lucha Sangucher\u00eda, organizamos una intervenci\u00f3n callejera en la que preguntamos a sus consumidores: <a href=\"https:\/\/www.instagram.com\/p\/DOuUshIje4_\/\">\u201c\u00bfSabes cu\u00e1l es el ingrediente secreto de La Lucha?\u201d<\/a>. La reacci\u00f3n del p\u00fablico fue contundente, es necesario un compromiso libre de jaulas.<\/p>\n\n\n\n<figure class=\"wp-block-image size-full\"><img data-dominant-color=\"c1c0c6\" data-has-transparency=\"true\" style=\"--dominant-color: #c1c0c6;\" decoding=\"async\" width=\"1013\" height=\"854\" sizes=\"(max-width: 1013px) 100vw, 1013px\" src=\"https:\/\/compromisoverde.org\/wp-content\/uploads\/2025\/11\/image-4-png.avif\" alt=\"\" class=\"wp-image-9570 has-transparency\" srcset=\"https:\/\/compromisoverde.org\/wp-content\/uploads\/2025\/11\/image-4-png.avif 1013w, https:\/\/compromisoverde.org\/wp-content\/uploads\/2025\/11\/image-4-300x253.avif 300w, https:\/\/compromisoverde.org\/wp-content\/uploads\/2025\/11\/image-4-768x647.avif 768w, https:\/\/compromisoverde.org\/wp-content\/uploads\/2025\/11\/image-4-14x12.avif 14w\" \/><\/figure>\n\n\n\n<p class=\"wp-block-paragraph\">Esta acci\u00f3n busc\u00f3 visibilizar la realidad de las 26 millones de gallinas enjauladas en el Per\u00fa y demostrar que, al conocer la verdad, los consumidores exigen su derecho a saber el origen de los alimentos que consumen.<\/p>\n\n\n\n<h3 class=\"wp-block-heading\"><strong>M\u00e1s de 7 millones de personas alcanzadas en medios<\/strong><\/h3>\n\n\n\n<p class=\"wp-block-paragraph\">Nuestra estrategia de comunicaci\u00f3n logr\u00f3 un alcance de m\u00e1s de 10 millones de personas solo durante este trimestre, gracias a conferencias de prensa realizadas en Trujillo y Arequipa, donde compartimos los resultados de nuestra encuesta nacional junto a IPSOS, una de las encuestadoras m\u00e1s importantes del Per\u00fa.<\/p>\n\n\n\n<figure class=\"wp-block-image size-large\"><img data-dominant-color=\"8c7769\" data-has-transparency=\"false\" style=\"--dominant-color: #8c7769;\" decoding=\"async\" width=\"1024\" height=\"682\" sizes=\"(max-width: 1024px) 100vw, 1024px\" src=\"https:\/\/compromisoverde.org\/wp-content\/uploads\/2025\/11\/image-3-1024x682.avif\" alt=\"\" class=\"wp-image-9569 not-transparent\" srcset=\"https:\/\/compromisoverde.org\/wp-content\/uploads\/2025\/11\/image-3-1024x682.avif 1024w, https:\/\/compromisoverde.org\/wp-content\/uploads\/2025\/11\/image-3-300x200.avif 300w, https:\/\/compromisoverde.org\/wp-content\/uploads\/2025\/11\/image-3-768x512.avif 768w, https:\/\/compromisoverde.org\/wp-content\/uploads\/2025\/11\/image-3-1536x1023.avif 1536w, https:\/\/compromisoverde.org\/wp-content\/uploads\/2025\/11\/image-3-18x12.avif 18w, https:\/\/compromisoverde.org\/wp-content\/uploads\/2025\/11\/image-3.avif 1600w\" \/><\/figure>\n\n\n\n<p class=\"wp-block-paragraph\">Los datos fueron contundentes: 7 de cada 10 peruanos consideran inaceptable el uso de jaulas en la producci\u00f3n de huevos, y el 76 % de lime\u00f1os exige que los supermercados informen de manera clara si los huevos que venden provienen de gallinas enjauladas.<\/p>\n\n\n\n<p class=\"wp-block-paragraph\">Estas cifras fueron difundidas por medios como <a href=\"https:\/\/gestion.pe\/peru\/crece-rechazo-a-crueldad-animal-en-la-industria-del-huevo-noticia\/\">Gesti\u00f3n<\/a>, <a href=\"https:\/\/drive.google.com\/file\/d\/1r4Ngy5OIB6Oj7261wVzrtcb2f5zgL6Wh\/view\">TV World<\/a>, <a href=\"https:\/\/drive.google.com\/file\/d\/1r4Ngy5OIB6Oj7261wVzrtcb2f5zgL6Wh\/view\">Panamerica Televisi\u00f3n<\/a>, <a href=\"https:\/\/drive.google.com\/file\/d\/1GvJkwAp9R_A4tXYb39r8C0Is0GVsQvsA\/view\">TV Per\u00fa<\/a>,&nbsp; <a href=\"https:\/\/soltvperu.com\/huevos-libres-de-jaula-trujillo\/\">Sol TV<\/a>, <a href=\"https:\/\/trome.com\/actualidad\/nacional\/encuesta-ipsos-mas-peruanos-rechazan-el-maltrato-animal-en-la-industria-del-huevo-imp-noticia\/\">El Trome<\/a>, <a href=\"https:\/\/ojo.pe\/actualidad\/el-70-de-los-peruanos-rechaza-el-encierro-de-las-gallinas-en-jaula-noticia\/\">Ojo<\/a> y diversos medios regionales.<\/p>\n\n\n\n<h3 class=\"wp-block-heading\"><strong>La Fiesta del Futuro: un espacio para encontrarnos y so\u00f1ar<\/strong><\/h3>\n\n\n\n<p class=\"wp-block-paragraph\">El 4 de octubre, D\u00eda Mundial de los Animales, organizamos <a href=\"https:\/\/www.instagram.com\/p\/DQIas84jcI3\/\">\u201cLa Fiesta del Futuro\u201d<\/a>, un evento que reuni\u00f3 a m\u00e1s de 150 personas entre activistas, voluntarios, influencers y aliados. Fue un espacio de celebraci\u00f3n, reflexi\u00f3n y conexi\u00f3n.<\/p>\n\n\n\n<figure class=\"wp-block-image size-large\"><img data-dominant-color=\"715e73\" data-has-transparency=\"true\" style=\"--dominant-color: #715e73;\" loading=\"lazy\" decoding=\"async\" width=\"1024\" height=\"731\" sizes=\"(max-width: 1024px) 100vw, 1024px\" src=\"https:\/\/compromisoverde.org\/wp-content\/uploads\/2025\/11\/image-5-1024x731.avif\" alt=\"Fiesta del futuro\" class=\"wp-image-9571 has-transparency\" srcset=\"https:\/\/compromisoverde.org\/wp-content\/uploads\/2025\/11\/image-5-1024x731.avif 1024w, https:\/\/compromisoverde.org\/wp-content\/uploads\/2025\/11\/image-5-300x214.avif 300w, https:\/\/compromisoverde.org\/wp-content\/uploads\/2025\/11\/image-5-768x548.avif 768w, https:\/\/compromisoverde.org\/wp-content\/uploads\/2025\/11\/image-5-1536x1096.avif 1536w, https:\/\/compromisoverde.org\/wp-content\/uploads\/2025\/11\/image-5-18x12.avif 18w, https:\/\/compromisoverde.org\/wp-content\/uploads\/2025\/11\/image-5-png.avif 1600w\" \/><\/figure>\n\n\n\n<p class=\"wp-block-paragraph\">En un ambiente esperanzador, reafirmamos nuestra visi\u00f3n: un futuro vegano, \u00e9tico y libre de crueldad para todos los animales.<\/p>\n\n\n\n<h3 class=\"wp-block-heading\"><strong>Compartiendo nuestra experiencia desde Per\u00fa con el movimiento global por los animales<\/strong><\/h3>\n\n\n\n<p class=\"wp-block-paragraph\">Durante este trimestre participamos en dos encuentros internacionales de gran relevancia. Fuimos ponentes en la CARE Conference 2025 en Polonia y tambi\u00e9n formamos parte del OWA Global Summit, donde compartimos nuestros aprendizajes y estrategias como organizaci\u00f3n peruana, y conectamos con entidades de todo el mundo que trabajan por un sistema alimentario m\u00e1s compasivo.<\/p>\n\n\n\n<figure class=\"wp-block-image size-large\"><img data-dominant-color=\"4f3a3a\" data-has-transparency=\"false\" style=\"--dominant-color: #4f3a3a;\" loading=\"lazy\" decoding=\"async\" width=\"1024\" height=\"683\" sizes=\"(max-width: 1024px) 100vw, 1024px\" src=\"https:\/\/compromisoverde.org\/wp-content\/uploads\/2025\/11\/image-1024x683.avif\" alt=\"\" class=\"wp-image-9566 not-transparent\" srcset=\"https:\/\/compromisoverde.org\/wp-content\/uploads\/2025\/11\/image-1024x683.avif 1024w, https:\/\/compromisoverde.org\/wp-content\/uploads\/2025\/11\/image-300x200.avif 300w, https:\/\/compromisoverde.org\/wp-content\/uploads\/2025\/11\/image-768x512.avif 768w, https:\/\/compromisoverde.org\/wp-content\/uploads\/2025\/11\/image-18x12.avif 18w, https:\/\/compromisoverde.org\/wp-content\/uploads\/2025\/11\/image.avif 1200w\" \/><\/figure>\n\n\n\n<p class=\"wp-block-paragraph\">En Lima, tambi\u00e9n participamos en el Encuentro por los Animales (EXA) 2025, donde instalamos un stand interactivo que permiti\u00f3<a href=\"https:\/\/www.instagram.com\/p\/DPhAzkejUom\/\"> realizar 174 acciones digitales en favor de las gallinas ponedoras.<\/a><\/p>\n\n\n\n<p class=\"wp-block-paragraph\">Adem\u00e1s, como parte del convenio de cooperaci\u00f3n que mantenemos con la Municipalidad Provincial del Santa, organizamos una jornada de limpieza en los humedales de Villa Mar\u00eda, en Chimbote, en colaboraci\u00f3n con el Rotary Club Chimbote Centenario. Esta acci\u00f3n se realiz\u00f3 en el marco del D\u00eda Mundial de la Limpieza y logr\u00f3 convocar a m\u00e1s de 200 voluntarios, quienes, con esfuerzo y compromiso, recolectaron cerca de 2 toneladas de residuos s\u00f3lidos de esta importante reserva ecol\u00f3gica de la regi\u00f3n \u00c1ncash. Fue una jornada que nos record\u00f3 que proteger el medio ambiente tambi\u00e9n es parte esencial de nuestra misi\u00f3n por un futuro m\u00e1s compasivo para todos los seres vivos.<\/p>\n\n\n\n<figure class=\"wp-block-image size-large\"><img data-dominant-color=\"b1a3a6\" data-has-transparency=\"false\" style=\"--dominant-color: #b1a3a6;\" loading=\"lazy\" decoding=\"async\" width=\"1024\" height=\"683\" sizes=\"(max-width: 1024px) 100vw, 1024px\" src=\"https:\/\/compromisoverde.org\/wp-content\/uploads\/2025\/11\/Limpieza-Humedales-de-Chimbote-2025-1024x683.avif\" alt=\"Limpieza Humedales de Chimbote 2025\" class=\"wp-image-9573 not-transparent\" srcset=\"https:\/\/compromisoverde.org\/wp-content\/uploads\/2025\/11\/Limpieza-Humedales-de-Chimbote-2025-1024x683.avif 1024w, https:\/\/compromisoverde.org\/wp-content\/uploads\/2025\/11\/Limpieza-Humedales-de-Chimbote-2025-300x200.avif 300w, https:\/\/compromisoverde.org\/wp-content\/uploads\/2025\/11\/Limpieza-Humedales-de-Chimbote-2025-768x512.avif 768w, https:\/\/compromisoverde.org\/wp-content\/uploads\/2025\/11\/Limpieza-Humedales-de-Chimbote-2025-18x12.avif 18w, https:\/\/compromisoverde.org\/wp-content\/uploads\/2025\/11\/Limpieza-Humedales-de-Chimbote-2025.avif 1200w\" \/><\/figure>\n\n\n\n<p class=\"wp-block-paragraph\">Cada una de nuestras participaciones es una muestra de que el cambio empieza por involucrarnos.<\/p>\n\n\n\n<h3 class=\"wp-block-heading\"><strong>36 millones de huevos libres de jaulas: un mercado que contin\u00faa transform\u00e1ndose<\/strong><\/h3>\n\n\n\n<p class=\"wp-block-paragraph\">Gracias a los compromisos que hemos asegurado hasta ahora, logramos que m\u00e1s de 36 millones de huevos provengan de gallinas libres de jaulas al a\u00f1o en el mercado peruano. Esta cifra representa m\u00e1s que una estad\u00edstica: son millones de vidas que dejan de sufrir en condiciones inaceptables.<\/p>\n\n\n\n<p class=\"wp-block-paragraph\">Cada compromiso que logramos es un paso hacia la transformaci\u00f3n del sistema alimentario, hacia un Per\u00fa que respeta m\u00e1s a los animales.<\/p>\n\n\n\n<p class=\"wp-block-paragraph\">Gracias por acompa\u00f1arnos en este camino.<br>Cada logro, por peque\u00f1o que parezca, es fruto de un esfuerzo colectivo.<br>Y cada paso nos acerca m\u00e1s a ese mundo compasivo y justo que todos so\u00f1amos.<\/p>","protected":false},"excerpt":{"rendered":"<p>Los \u00faltimos tres meses han sido clave para seguir construyendo un Per\u00fa m\u00e1s justo para las gallinas ponedoras. Desde Compromiso Verde, trabajamos con determinaci\u00f3n para visibilizar la crueldad en la crianza de millones de gallinas, impulsar a las empresas que a\u00fan no se comprometen y fortalecer el activismo que genera el cambio. A continuaci\u00f3n, quiero [&hellip;]<\/p>\n","protected":false},"author":50,"featured_media":9574,"comment_status":"closed","ping_status":"open","sticky":false,"template":"","format":"standard","meta":{"footnotes":"","_links_to":"","_links_to_target":""},"categories":[46],"tags":[],"post_folder":[],"class_list":["post-9565","post","type-post","status-publish","format-standard","has-post-thumbnail","hentry","category-campanas"],"yoast_head":"<!-- This site is optimized with the Yoast SEO plugin v28.4 - https:\/\/yoast.com\/product\/yoast-seo-wordpress\/ -->\n<title>Tres meses de impacto, millones de razones para seguir adelante - Compromiso Verde<\/title>\n<meta name=\"description\" content=\"Compromiso Verde\" \/>\n<meta name=\"robots\" content=\"index, follow, max-snippet:-1, max-image-preview:large, max-video-preview:-1\" \/>\n<link rel=\"canonical\" href=\"https:\/\/compromisoverde.org\/en\/2025\/10\/tres-meses-de-impacto-millones-de-razones-para-seguir-adelante\/\" \/>\n<meta property=\"og:locale\" content=\"en_GB\" \/>\n<meta property=\"og:type\" content=\"article\" \/>\n<meta property=\"og:title\" content=\"Tres meses de impacto, millones de razones para seguir adelante - Compromiso Verde\" \/>\n<meta property=\"og:description\" content=\"Compromiso Verde\" \/>\n<meta property=\"og:url\" content=\"https:\/\/compromisoverde.org\/en\/2025\/10\/tres-meses-de-impacto-millones-de-razones-para-seguir-adelante\/\" \/>\n<meta property=\"og:site_name\" content=\"Compromiso Verde\" \/>\n<meta property=\"article:publisher\" content=\"https:\/\/www.facebook.com\/profile.php?id=100092195840988\" \/>\n<meta property=\"article:published_time\" content=\"2025-10-30T13:44:28+00:00\" \/>\n<meta property=\"article:modified_time\" content=\"2025-11-03T13:46:08+00:00\" \/>\n<meta property=\"og:image\" content=\"https:\/\/compromisoverde.org\/wp-content\/uploads\/2025\/11\/Vivanda-Campana.avif\" \/>\n\t<meta property=\"og:image:width\" content=\"1200\" \/>\n\t<meta property=\"og:image:height\" content=\"800\" \/>\n\t<meta property=\"og:image:type\" content=\"image\/jpeg\" \/>\n<meta name=\"author\" content=\"Compromiso Verde\" \/>\n<meta name=\"twitter:card\" content=\"summary_large_image\" \/>\n<meta name=\"twitter:label1\" content=\"Written by\" \/>\n\t<meta name=\"twitter:data1\" content=\"Compromiso Verde\" \/>\n\t<meta name=\"twitter:label2\" content=\"Estimated reading time\" \/>\n\t<meta name=\"twitter:data2\" content=\"6 minutes\" \/>\n<script type=\"application\/ld+json\" class=\"yoast-schema-graph\">{\"@context\":\"https:\\\/\\\/schema.org\",\"@graph\":[{\"@type\":\"Article\",\"@id\":\"https:\\\/\\\/compromisoverde.org\\\/2025\\\/10\\\/tres-meses-de-impacto-millones-de-razones-para-seguir-adelante\\\/#article\",\"isPartOf\":{\"@id\":\"https:\\\/\\\/compromisoverde.org\\\/2025\\\/10\\\/tres-meses-de-impacto-millones-de-razones-para-seguir-adelante\\\/\"},\"author\":{\"name\":\"Compromiso Verde\",\"@id\":\"https:\\\/\\\/compromisoverde.org\\\/#\\\/schema\\\/person\\\/79f9d7d66d51a64ea57882a706b8251e\"},\"headline\":\"Tres meses de impacto, millones de razones para seguir adelante\",\"datePublished\":\"2025-10-30T13:44:28+00:00\",\"dateModified\":\"2025-11-03T13:46:08+00:00\",\"mainEntityOfPage\":{\"@id\":\"https:\\\/\\\/compromisoverde.org\\\/2025\\\/10\\\/tres-meses-de-impacto-millones-de-razones-para-seguir-adelante\\\/\"},\"wordCount\":902,\"publisher\":{\"@id\":\"https:\\\/\\\/compromisoverde.org\\\/#organization\"},\"image\":{\"@id\":\"https:\\\/\\\/compromisoverde.org\\\/2025\\\/10\\\/tres-meses-de-impacto-millones-de-razones-para-seguir-adelante\\\/#primaryimage\"},\"thumbnailUrl\":\"https:\\\/\\\/compromisoverde.org\\\/wp-content\\\/uploads\\\/2025\\\/11\\\/Vivanda-Campana.avif\",\"articleSection\":[\"Campa\u00f1as\"],\"inLanguage\":\"en-GB\"},{\"@type\":\"WebPage\",\"@id\":\"https:\\\/\\\/compromisoverde.org\\\/2025\\\/10\\\/tres-meses-de-impacto-millones-de-razones-para-seguir-adelante\\\/\",\"url\":\"https:\\\/\\\/compromisoverde.org\\\/2025\\\/10\\\/tres-meses-de-impacto-millones-de-razones-para-seguir-adelante\\\/\",\"name\":\"Tres meses de impacto, millones de razones para seguir adelante - Compromiso Verde\",\"isPartOf\":{\"@id\":\"https:\\\/\\\/compromisoverde.org\\\/#website\"},\"primaryImageOfPage\":{\"@id\":\"https:\\\/\\\/compromisoverde.org\\\/2025\\\/10\\\/tres-meses-de-impacto-millones-de-razones-para-seguir-adelante\\\/#primaryimage\"},\"image\":{\"@id\":\"https:\\\/\\\/compromisoverde.org\\\/2025\\\/10\\\/tres-meses-de-impacto-millones-de-razones-para-seguir-adelante\\\/#primaryimage\"},\"thumbnailUrl\":\"https:\\\/\\\/compromisoverde.org\\\/wp-content\\\/uploads\\\/2025\\\/11\\\/Vivanda-Campana.avif\",\"datePublished\":\"2025-10-30T13:44:28+00:00\",\"dateModified\":\"2025-11-03T13:46:08+00:00\",\"description\":\"Compromiso Verde\",\"breadcrumb\":{\"@id\":\"https:\\\/\\\/compromisoverde.org\\\/2025\\\/10\\\/tres-meses-de-impacto-millones-de-razones-para-seguir-adelante\\\/#breadcrumb\"},\"inLanguage\":\"en-GB\",\"potentialAction\":[{\"@type\":\"ReadAction\",\"target\":[\"https:\\\/\\\/compromisoverde.org\\\/2025\\\/10\\\/tres-meses-de-impacto-millones-de-razones-para-seguir-adelante\\\/\"]}]},{\"@type\":\"ImageObject\",\"inLanguage\":\"en-GB\",\"@id\":\"https:\\\/\\\/compromisoverde.org\\\/2025\\\/10\\\/tres-meses-de-impacto-millones-de-razones-para-seguir-adelante\\\/#primaryimage\",\"url\":\"https:\\\/\\\/compromisoverde.org\\\/wp-content\\\/uploads\\\/2025\\\/11\\\/Vivanda-Campana.avif\",\"contentUrl\":\"https:\\\/\\\/compromisoverde.org\\\/wp-content\\\/uploads\\\/2025\\\/11\\\/Vivanda-Campana.avif\",\"width\":1200,\"height\":800,\"caption\":\"Vivanda Campan\u0303\"},{\"@type\":\"BreadcrumbList\",\"@id\":\"https:\\\/\\\/compromisoverde.org\\\/2025\\\/10\\\/tres-meses-de-impacto-millones-de-razones-para-seguir-adelante\\\/#breadcrumb\",\"itemListElement\":[{\"@type\":\"ListItem\",\"position\":1,\"name\":\"In\u00edcio\",\"item\":\"https:\\\/\\\/compromisoverde.org\\\/\"},{\"@type\":\"ListItem\",\"position\":2,\"name\":\"Tres meses de impacto, millones de razones para seguir adelante\"}]},{\"@type\":\"WebSite\",\"@id\":\"https:\\\/\\\/compromisoverde.org\\\/#website\",\"url\":\"https:\\\/\\\/compromisoverde.org\\\/\",\"name\":\"Compromiso Verde\",\"description\":\"Compromiso Verde\",\"publisher\":{\"@id\":\"https:\\\/\\\/compromisoverde.org\\\/#organization\"},\"potentialAction\":[{\"@type\":\"SearchAction\",\"target\":{\"@type\":\"EntryPoint\",\"urlTemplate\":\"https:\\\/\\\/compromisoverde.org\\\/?s={search_term_string}\"},\"query-input\":{\"@type\":\"PropertyValueSpecification\",\"valueRequired\":true,\"valueName\":\"search_term_string\"}}],\"inLanguage\":\"en-GB\"},{\"@type\":\"Organization\",\"@id\":\"https:\\\/\\\/compromisoverde.org\\\/#organization\",\"name\":\"Compromiso Verde\",\"url\":\"https:\\\/\\\/compromisoverde.org\\\/\",\"logo\":{\"@type\":\"ImageObject\",\"inLanguage\":\"en-GB\",\"@id\":\"https:\\\/\\\/compromisoverde.org\\\/#\\\/schema\\\/logo\\\/image\\\/\",\"url\":\"https:\\\/\\\/compromisoverde.org\\\/wp-content\\\/uploads\\\/2022\\\/10\\\/logo-V-para-fundo-branco.png\",\"contentUrl\":\"https:\\\/\\\/compromisoverde.org\\\/wp-content\\\/uploads\\\/2022\\\/10\\\/logo-V-para-fundo-branco.png\",\"width\":900,\"height\":278,\"caption\":\"Compromiso Verde\"},\"image\":{\"@id\":\"https:\\\/\\\/compromisoverde.org\\\/#\\\/schema\\\/logo\\\/image\\\/\"},\"sameAs\":[\"https:\\\/\\\/www.facebook.com\\\/profile.php?id=100092195840988\",\"https:\\\/\\\/www.linkedin.com\\\/company\\\/compromisoverde\\\/\",\"https:\\\/\\\/www.instagram.com\\\/compromisoverde.ong\\\/\"]},{\"@type\":\"Person\",\"@id\":\"https:\\\/\\\/compromisoverde.org\\\/#\\\/schema\\\/person\\\/79f9d7d66d51a64ea57882a706b8251e\",\"name\":\"Compromiso Verde\",\"url\":\"https:\\\/\\\/compromisoverde.org\\\/en\\\/author\\\/sandracompromisoverde-org\\\/\"}]}<\/script>\n<!-- \/ Yoast SEO plugin. -->","yoast_head_json":{"title":"Tres meses de impacto, millones de razones para seguir adelante - Compromiso Verde","description":"Green Commitment","robots":{"index":"index","follow":"follow","max-snippet":"max-snippet:-1","max-image-preview":"max-image-preview:large","max-video-preview":"max-video-preview:-1"},"canonical":"https:\/\/compromisoverde.org\/en\/2025\/10\/tres-meses-de-impacto-millones-de-razones-para-seguir-adelante\/","og_locale":"en_GB","og_type":"article","og_title":"Tres meses de impacto, millones de razones para seguir adelante - Compromiso Verde","og_description":"Compromiso Verde","og_url":"https:\/\/compromisoverde.org\/en\/2025\/10\/tres-meses-de-impacto-millones-de-razones-para-seguir-adelante\/","og_site_name":"Compromiso Verde","article_publisher":"https:\/\/www.facebook.com\/profile.php?id=100092195840988","article_published_time":"2025-10-30T13:44:28+00:00","article_modified_time":"2025-11-03T13:46:08+00:00","og_image":[{"width":1200,"height":800,"url":"https:\/\/compromisoverde.org\/wp-content\/uploads\/2025\/11\/Vivanda-Campana.avif","type":"image\/jpeg"}],"author":"Compromiso Verde","twitter_card":"summary_large_image","twitter_misc":{"Written by":"Compromiso Verde","Estimated reading time":"6 minutes"},"schema":{"@context":"https:\/\/schema.org","@graph":[{"@type":"Article","@id":"https:\/\/compromisoverde.org\/2025\/10\/tres-meses-de-impacto-millones-de-razones-para-seguir-adelante\/#article","isPartOf":{"@id":"https:\/\/compromisoverde.org\/2025\/10\/tres-meses-de-impacto-millones-de-razones-para-seguir-adelante\/"},"author":{"name":"Compromiso Verde","@id":"https:\/\/compromisoverde.org\/#\/schema\/person\/79f9d7d66d51a64ea57882a706b8251e"},"headline":"Tres meses de impacto, millones de razones para seguir adelante","datePublished":"2025-10-30T13:44:28+00:00","dateModified":"2025-11-03T13:46:08+00:00","mainEntityOfPage":{"@id":"https:\/\/compromisoverde.org\/2025\/10\/tres-meses-de-impacto-millones-de-razones-para-seguir-adelante\/"},"wordCount":902,"publisher":{"@id":"https:\/\/compromisoverde.org\/#organization"},"image":{"@id":"https:\/\/compromisoverde.org\/2025\/10\/tres-meses-de-impacto-millones-de-razones-para-seguir-adelante\/#primaryimage"},"thumbnailUrl":"https:\/\/compromisoverde.org\/wp-content\/uploads\/2025\/11\/Vivanda-Campana.avif","articleSection":["Campa\u00f1as"],"inLanguage":"en-GB"},{"@type":"WebPage","@id":"https:\/\/compromisoverde.org\/2025\/10\/tres-meses-de-impacto-millones-de-razones-para-seguir-adelante\/","url":"https:\/\/compromisoverde.org\/2025\/10\/tres-meses-de-impacto-millones-de-razones-para-seguir-adelante\/","name":"Tres meses de impacto, millones de razones para seguir adelante - Compromiso Verde","isPartOf":{"@id":"https:\/\/compromisoverde.org\/#website"},"primaryImageOfPage":{"@id":"https:\/\/compromisoverde.org\/2025\/10\/tres-meses-de-impacto-millones-de-razones-para-seguir-adelante\/#primaryimage"},"image":{"@id":"https:\/\/compromisoverde.org\/2025\/10\/tres-meses-de-impacto-millones-de-razones-para-seguir-adelante\/#primaryimage"},"thumbnailUrl":"https:\/\/compromisoverde.org\/wp-content\/uploads\/2025\/11\/Vivanda-Campana.avif","datePublished":"2025-10-30T13:44:28+00:00","dateModified":"2025-11-03T13:46:08+00:00","description":"Green Commitment","breadcrumb":{"@id":"https:\/\/compromisoverde.org\/2025\/10\/tres-meses-de-impacto-millones-de-razones-para-seguir-adelante\/#breadcrumb"},"inLanguage":"en-GB","potentialAction":[{"@type":"ReadAction","target":["https:\/\/compromisoverde.org\/2025\/10\/tres-meses-de-impacto-millones-de-razones-para-seguir-adelante\/"]}]},{"@type":"ImageObject","inLanguage":"en-GB","@id":"https:\/\/compromisoverde.org\/2025\/10\/tres-meses-de-impacto-millones-de-razones-para-seguir-adelante\/#primaryimage","url":"https:\/\/compromisoverde.org\/wp-content\/uploads\/2025\/11\/Vivanda-Campana.avif","contentUrl":"https:\/\/compromisoverde.org\/wp-content\/uploads\/2025\/11\/Vivanda-Campana.avif","width":1200,"height":800,"caption":"Vivanda Campan\u0303"},{"@type":"BreadcrumbList","@id":"https:\/\/compromisoverde.org\/2025\/10\/tres-meses-de-impacto-millones-de-razones-para-seguir-adelante\/#breadcrumb","itemListElement":[{"@type":"ListItem","position":1,"name":"In\u00edcio","item":"https:\/\/compromisoverde.org\/"},{"@type":"ListItem","position":2,"name":"Tres meses de impacto, millones de razones para seguir adelante"}]},{"@type":"WebSite","@id":"https:\/\/compromisoverde.org\/#website","url":"https:\/\/compromisoverde.org\/","name":"Green Commitment","description":"Green Commitment","publisher":{"@id":"https:\/\/compromisoverde.org\/#organization"},"potentialAction":[{"@type":"SearchAction","target":{"@type":"EntryPoint","urlTemplate":"https:\/\/compromisoverde.org\/?s={search_term_string}"},"query-input":{"@type":"PropertyValueSpecification","valueRequired":true,"valueName":"search_term_string"}}],"inLanguage":"en-GB"},{"@type":"Organization","@id":"https:\/\/compromisoverde.org\/#organization","name":"Green Commitment","url":"https:\/\/compromisoverde.org\/","logo":{"@type":"ImageObject","inLanguage":"en-GB","@id":"https:\/\/compromisoverde.org\/#\/schema\/logo\/image\/","url":"https:\/\/compromisoverde.org\/wp-content\/uploads\/2022\/10\/logo-V-para-fundo-branco.png","contentUrl":"https:\/\/compromisoverde.org\/wp-content\/uploads\/2022\/10\/logo-V-para-fundo-branco.png","width":900,"height":278,"caption":"Compromiso Verde"},"image":{"@id":"https:\/\/compromisoverde.org\/#\/schema\/logo\/image\/"},"sameAs":["https:\/\/www.facebook.com\/profile.php?id=100092195840988","https:\/\/www.linkedin.com\/company\/compromisoverde\/","https:\/\/www.instagram.com\/compromisoverde.ong\/"]},{"@type":"Person","@id":"https:\/\/compromisoverde.org\/#\/schema\/person\/79f9d7d66d51a64ea57882a706b8251e","name":"Green Commitment","url":"https:\/\/compromisoverde.org\/en\/author\/sandracompromisoverde-org\/"}]}},"_links":{"self":[{"href":"https:\/\/compromisoverde.org\/en\/wp-json\/wp\/v2\/posts\/9565","targetHints":{"allow":["GET"]}}],"collection":[{"href":"https:\/\/compromisoverde.org\/en\/wp-json\/wp\/v2\/posts"}],"about":[{"href":"https:\/\/compromisoverde.org\/en\/wp-json\/wp\/v2\/types\/post"}],"author":[{"embeddable":true,"href":"https:\/\/compromisoverde.org\/en\/wp-json\/wp\/v2\/users\/50"}],"replies":[{"embeddable":true,"href":"https:\/\/compromisoverde.org\/en\/wp-json\/wp\/v2\/comments?post=9565"}],"version-history":[{"count":1,"href":"https:\/\/compromisoverde.org\/en\/wp-json\/wp\/v2\/posts\/9565\/revisions"}],"predecessor-version":[{"id":9575,"href":"https:\/\/compromisoverde.org\/en\/wp-json\/wp\/v2\/posts\/9565\/revisions\/9575"}],"wp:featuredmedia":[{"embeddable":true,"href":"https:\/\/compromisoverde.org\/en\/wp-json\/wp\/v2\/media\/9574"}],"wp:attachment":[{"href":"https:\/\/compromisoverde.org\/en\/wp-json\/wp\/v2\/media?parent=9565"}],"wp:term":[{"taxonomy":"category","embeddable":true,"href":"https:\/\/compromisoverde.org\/en\/wp-json\/wp\/v2\/categories?post=9565"},{"taxonomy":"post_tag","embeddable":true,"href":"https:\/\/compromisoverde.org\/en\/wp-json\/wp\/v2\/tags?post=9565"},{"taxonomy":"post_folder","embeddable":true,"href":"https:\/\/compromisoverde.org\/en\/wp-json\/wp\/v2\/post_folder?post=9565"}],"curies":[{"name":"wp","href":"https:\/\/api.w.org\/{rel}","templated":true}]}}