{"id":6080,"date":"2025-04-09T13:35:58","date_gmt":"2025-04-09T18:35:58","guid":{"rendered":"https:\/\/compromisoverde.org\/?p=6080"},"modified":"2026-05-18T13:31:31","modified_gmt":"2026-05-18T18:31:31","slug":"asi-se-vivio-jaulas-abiertas-2025-una-jornada-para-inspirar-actuar-y-crecer-juntos","status":"publish","type":"post","link":"https:\/\/compromisoverde.org\/en\/2025\/04\/asi-se-vivio-jaulas-abiertas-2025-una-jornada-para-inspirar-actuar-y-crecer-juntos\/","title":{"rendered":"This is how Jaulas Abiertas 2025 was experienced: a day to inspire, to act and to grow together."},"content":{"rendered":"<p class=\"wp-block-paragraph\">Last Saturday, April 5th, more than 150 volunteers from different regions of the country gathered at the Hotel Costa del Sol in San Isidro to participate in a new edition of the <em>Open Cages<\/em>The national event organised by Compromiso Verde aims to strengthen the volunteer movement for animals in Peru.<\/p>\n\n\n\n<figure class=\"wp-block-image size-large\"><img data-dominant-color=\"665c5c\" data-has-transparency=\"false\" style=\"--dominant-color: #665c5c;\" fetchpriority=\"high\" decoding=\"async\" width=\"1024\" height=\"579\" sizes=\"(max-width: 1024px) 100vw, 1024px\" src=\"https:\/\/compromisoverde.org\/wp-content\/uploads\/2025\/04\/Evento-Jaulas-Abiertas-1024x579.avif\" alt=\"Evento Jaulas Abiertas\" class=\"wp-image-6082 not-transparent\" srcset=\"https:\/\/compromisoverde.org\/wp-content\/uploads\/2025\/04\/Evento-Jaulas-Abiertas-1024x579.avif 1024w, https:\/\/compromisoverde.org\/wp-content\/uploads\/2025\/04\/Evento-Jaulas-Abiertas-300x170.avif 300w, https:\/\/compromisoverde.org\/wp-content\/uploads\/2025\/04\/Evento-Jaulas-Abiertas-768x435.avif 768w, https:\/\/compromisoverde.org\/wp-content\/uploads\/2025\/04\/Evento-Jaulas-Abiertas-18x10.avif 18w, https:\/\/compromisoverde.org\/wp-content\/uploads\/2025\/04\/Evento-Jaulas-Abiertas.avif 1200w\" \/><\/figure>\n\n\n\n<h2 class=\"wp-block-heading\">Training for volunteers<\/h2>\n\n\n\n<p class=\"wp-block-paragraph\">During the day, participants attended presentations that provided key tools for impactful activism. <strong>Felipe Lanz<\/strong>Manager of Volunteering in Latin America, and <strong>Carolina More<\/strong>ACH consultant, shared experiences, strategies and lessons learned to continue building effective actions for animal welfare.<\/p>\n\n\n\n<p class=\"wp-block-paragraph\">One of the most moving moments of the event was the participation of the actress and activist <a href=\"https:\/\/www.instagram.com\/p\/DIFHXGGRcbB\" target=\"_blank\" rel=\"noreferrer noopener\"><strong>Daniela Sarfati<\/strong>who presented for the first time his awareness-raising video on the reality of caged hens.<\/a> The video has already surpassed the <strong>162,000 views on Instagram<\/strong>The project has become a key player in raising awareness of the issue.<\/p>\n\n\n\n<p class=\"wp-block-paragraph\">In addition to the learning spaces, the attendees shared a coffee break thanks to <strong>Yurawasi<\/strong>and took the opportunity to connect with content creators committed to animals such as <strong>Monica Bamonde<\/strong>, <strong>Jimena Mu\u00f1oz<\/strong>, <strong>Andrea Burga<\/strong>, <strong>Veggie Traveller<\/strong> y <strong>Labluehope<\/strong>.<\/p>\n\n\n\n<figure class=\"wp-block-image size-large\"><img data-dominant-color=\"736b68\" data-has-transparency=\"false\" style=\"--dominant-color: #736b68;\" decoding=\"async\" width=\"1024\" height=\"614\" sizes=\"(max-width: 1024px) 100vw, 1024px\" src=\"https:\/\/compromisoverde.org\/wp-content\/uploads\/2025\/04\/Evento-Jaulas-Abiertas-Peru-1024x614.avif\" alt=\"Evento Jaulas Abiertas Peru\" class=\"wp-image-6081 not-transparent\" srcset=\"https:\/\/compromisoverde.org\/wp-content\/uploads\/2025\/04\/Evento-Jaulas-Abiertas-Peru-1024x614.avif 1024w, https:\/\/compromisoverde.org\/wp-content\/uploads\/2025\/04\/Evento-Jaulas-Abiertas-Peru-300x180.avif 300w, https:\/\/compromisoverde.org\/wp-content\/uploads\/2025\/04\/Evento-Jaulas-Abiertas-Peru-768x461.avif 768w, https:\/\/compromisoverde.org\/wp-content\/uploads\/2025\/04\/Evento-Jaulas-Abiertas-Peru-18x12.avif 18w, https:\/\/compromisoverde.org\/wp-content\/uploads\/2025\/04\/Evento-Jaulas-Abiertas-Peru.avif 1200w\" \/><\/figure>\n\n\n\n<h2 class=\"wp-block-heading\">Digital actions<\/h2>\n\n\n\n<p class=\"wp-block-paragraph\">The afternoon closed with interactive dynamics within a special event app. Through challenges and actions, volunteers scored points and won prizes, reinforcing the message that every little action counts when it comes to defending animals.<\/p>\n\n\n\n<p class=\"wp-block-paragraph\">This meeting was a demonstration of the growth and strength of animal welfare volunteering in our country. <em>Open Cages<\/em> continues to establish itself as a space to connect, learn and act together for a cruelty-free future.<\/p>\n\n\n\n<p class=\"wp-block-paragraph\">At Compromiso Verde we are deeply grateful to everyone who participated and we are thrilled to know that this community continues to grow and transform realities!<\/p>","protected":false},"excerpt":{"rendered":"<p>El pasado s\u00e1bado 5 de abril, m\u00e1s de 150 voluntarios de diferentes regiones del pa\u00eds se reunieron en el Hotel Costa del Sol en San Isidro para participar en una nueva edici\u00f3n de Jaulas Abiertas, el evento nacional organizado por Compromiso Verde que busca fortalecer el movimiento de voluntariado por los animales en Per\u00fa. Capacitaciones [&hellip;]<\/p>\n","protected":false},"author":50,"featured_media":6082,"comment_status":"closed","ping_status":"open","sticky":false,"template":"","format":"standard","meta":{"footnotes":"","_links_to":"","_links_to_target":""},"categories":[285],"tags":[27],"post_folder":[],"class_list":["post-6080","post","type-post","status-publish","format-standard","has-post-thumbnail","hentry","category-voluntarios","tag-cobertura-del-evento"],"yoast_head":"<!-- This site is optimized with the Yoast SEO plugin v28.4 - https:\/\/yoast.com\/product\/yoast-seo-wordpress\/ -->\n<title>As\u00ed se vivi\u00f3 Jaulas Abiertas 2025: una jornada para inspirar, actuar y crecer juntos - Compromiso Verde<\/title>\n<meta name=\"description\" content=\"Compromiso Verde\" \/>\n<meta name=\"robots\" content=\"index, follow, max-snippet:-1, max-image-preview:large, max-video-preview:-1\" \/>\n<link rel=\"canonical\" href=\"https:\/\/compromisoverde.org\/en\/2025\/04\/asi-se-vivio-jaulas-abiertas-2025-una-jornada-para-inspirar-actuar-y-crecer-juntos\/\" \/>\n<meta property=\"og:locale\" content=\"en_GB\" \/>\n<meta property=\"og:type\" content=\"article\" \/>\n<meta property=\"og:title\" content=\"As\u00ed se vivi\u00f3 Jaulas Abiertas 2025: una jornada para inspirar, actuar y crecer juntos - Compromiso Verde\" \/>\n<meta property=\"og:description\" content=\"Compromiso Verde\" \/>\n<meta property=\"og:url\" content=\"https:\/\/compromisoverde.org\/en\/2025\/04\/asi-se-vivio-jaulas-abiertas-2025-una-jornada-para-inspirar-actuar-y-crecer-juntos\/\" \/>\n<meta property=\"og:site_name\" content=\"Compromiso Verde\" \/>\n<meta property=\"article:publisher\" content=\"https:\/\/www.facebook.com\/profile.php?id=100092195840988\" \/>\n<meta property=\"article:published_time\" content=\"2025-04-09T18:35:58+00:00\" \/>\n<meta property=\"article:modified_time\" content=\"2026-05-18T18:31:31+00:00\" \/>\n<meta property=\"og:image\" content=\"https:\/\/compromisoverde.org\/wp-content\/uploads\/2025\/04\/Evento-Jaulas-Abiertas.avif\" \/>\n\t<meta property=\"og:image:width\" content=\"1200\" \/>\n\t<meta property=\"og:image:height\" content=\"679\" \/>\n\t<meta property=\"og:image:type\" content=\"image\/jpeg\" \/>\n<meta name=\"author\" content=\"Compromiso Verde\" \/>\n<meta name=\"twitter:card\" content=\"summary_large_image\" \/>\n<meta name=\"twitter:label1\" content=\"Written by\" \/>\n\t<meta name=\"twitter:data1\" content=\"Compromiso Verde\" \/>\n\t<meta name=\"twitter:label2\" content=\"Estimated reading time\" \/>\n\t<meta name=\"twitter:data2\" content=\"3 minutes\" \/>\n<script type=\"application\/ld+json\" class=\"yoast-schema-graph\">{\"@context\":\"https:\\\/\\\/schema.org\",\"@graph\":[{\"@type\":\"Article\",\"@id\":\"https:\\\/\\\/compromisoverde.org\\\/2025\\\/04\\\/asi-se-vivio-jaulas-abiertas-2025-una-jornada-para-inspirar-actuar-y-crecer-juntos\\\/#article\",\"isPartOf\":{\"@id\":\"https:\\\/\\\/compromisoverde.org\\\/2025\\\/04\\\/asi-se-vivio-jaulas-abiertas-2025-una-jornada-para-inspirar-actuar-y-crecer-juntos\\\/\"},\"author\":{\"name\":\"Compromiso Verde\",\"@id\":\"https:\\\/\\\/compromisoverde.org\\\/#\\\/schema\\\/person\\\/79f9d7d66d51a64ea57882a706b8251e\"},\"headline\":\"As\u00ed se vivi\u00f3 Jaulas Abiertas 2025: una jornada para inspirar, actuar y crecer juntos\",\"datePublished\":\"2025-04-09T18:35:58+00:00\",\"dateModified\":\"2026-05-18T18:31:31+00:00\",\"mainEntityOfPage\":{\"@id\":\"https:\\\/\\\/compromisoverde.org\\\/2025\\\/04\\\/asi-se-vivio-jaulas-abiertas-2025-una-jornada-para-inspirar-actuar-y-crecer-juntos\\\/\"},\"wordCount\":337,\"publisher\":{\"@id\":\"https:\\\/\\\/compromisoverde.org\\\/#organization\"},\"image\":{\"@id\":\"https:\\\/\\\/compromisoverde.org\\\/2025\\\/04\\\/asi-se-vivio-jaulas-abiertas-2025-una-jornada-para-inspirar-actuar-y-crecer-juntos\\\/#primaryimage\"},\"thumbnailUrl\":\"https:\\\/\\\/compromisoverde.org\\\/wp-content\\\/uploads\\\/2025\\\/04\\\/Evento-Jaulas-Abiertas.avif\",\"keywords\":[\"Cobertura del evento\"],\"articleSection\":[\"Voluntarios\"],\"inLanguage\":\"en-GB\"},{\"@type\":\"WebPage\",\"@id\":\"https:\\\/\\\/compromisoverde.org\\\/2025\\\/04\\\/asi-se-vivio-jaulas-abiertas-2025-una-jornada-para-inspirar-actuar-y-crecer-juntos\\\/\",\"url\":\"https:\\\/\\\/compromisoverde.org\\\/2025\\\/04\\\/asi-se-vivio-jaulas-abiertas-2025-una-jornada-para-inspirar-actuar-y-crecer-juntos\\\/\",\"name\":\"As\u00ed se vivi\u00f3 Jaulas Abiertas 2025: una jornada para inspirar, actuar y crecer juntos - Compromiso Verde\",\"isPartOf\":{\"@id\":\"https:\\\/\\\/compromisoverde.org\\\/#website\"},\"primaryImageOfPage\":{\"@id\":\"https:\\\/\\\/compromisoverde.org\\\/2025\\\/04\\\/asi-se-vivio-jaulas-abiertas-2025-una-jornada-para-inspirar-actuar-y-crecer-juntos\\\/#primaryimage\"},\"image\":{\"@id\":\"https:\\\/\\\/compromisoverde.org\\\/2025\\\/04\\\/asi-se-vivio-jaulas-abiertas-2025-una-jornada-para-inspirar-actuar-y-crecer-juntos\\\/#primaryimage\"},\"thumbnailUrl\":\"https:\\\/\\\/compromisoverde.org\\\/wp-content\\\/uploads\\\/2025\\\/04\\\/Evento-Jaulas-Abiertas.avif\",\"datePublished\":\"2025-04-09T18:35:58+00:00\",\"dateModified\":\"2026-05-18T18:31:31+00:00\",\"description\":\"Compromiso Verde\",\"breadcrumb\":{\"@id\":\"https:\\\/\\\/compromisoverde.org\\\/2025\\\/04\\\/asi-se-vivio-jaulas-abiertas-2025-una-jornada-para-inspirar-actuar-y-crecer-juntos\\\/#breadcrumb\"},\"inLanguage\":\"en-GB\",\"potentialAction\":[{\"@type\":\"ReadAction\",\"target\":[\"https:\\\/\\\/compromisoverde.org\\\/2025\\\/04\\\/asi-se-vivio-jaulas-abiertas-2025-una-jornada-para-inspirar-actuar-y-crecer-juntos\\\/\"]}]},{\"@type\":\"ImageObject\",\"inLanguage\":\"en-GB\",\"@id\":\"https:\\\/\\\/compromisoverde.org\\\/2025\\\/04\\\/asi-se-vivio-jaulas-abiertas-2025-una-jornada-para-inspirar-actuar-y-crecer-juntos\\\/#primaryimage\",\"url\":\"https:\\\/\\\/compromisoverde.org\\\/wp-content\\\/uploads\\\/2025\\\/04\\\/Evento-Jaulas-Abiertas.avif\",\"contentUrl\":\"https:\\\/\\\/compromisoverde.org\\\/wp-content\\\/uploads\\\/2025\\\/04\\\/Evento-Jaulas-Abiertas.avif\",\"width\":1200,\"height\":679,\"caption\":\"Evento Jaulas Abiertas\"},{\"@type\":\"BreadcrumbList\",\"@id\":\"https:\\\/\\\/compromisoverde.org\\\/2025\\\/04\\\/asi-se-vivio-jaulas-abiertas-2025-una-jornada-para-inspirar-actuar-y-crecer-juntos\\\/#breadcrumb\",\"itemListElement\":[{\"@type\":\"ListItem\",\"position\":1,\"name\":\"In\u00edcio\",\"item\":\"https:\\\/\\\/compromisoverde.org\\\/\"},{\"@type\":\"ListItem\",\"position\":2,\"name\":\"As\u00ed se vivi\u00f3 Jaulas Abiertas 2025: una jornada para inspirar, actuar y crecer juntos\"}]},{\"@type\":\"WebSite\",\"@id\":\"https:\\\/\\\/compromisoverde.org\\\/#website\",\"url\":\"https:\\\/\\\/compromisoverde.org\\\/\",\"name\":\"Compromiso Verde\",\"description\":\"Compromiso Verde\",\"publisher\":{\"@id\":\"https:\\\/\\\/compromisoverde.org\\\/#organization\"},\"potentialAction\":[{\"@type\":\"SearchAction\",\"target\":{\"@type\":\"EntryPoint\",\"urlTemplate\":\"https:\\\/\\\/compromisoverde.org\\\/?s={search_term_string}\"},\"query-input\":{\"@type\":\"PropertyValueSpecification\",\"valueRequired\":true,\"valueName\":\"search_term_string\"}}],\"inLanguage\":\"en-GB\"},{\"@type\":\"Organization\",\"@id\":\"https:\\\/\\\/compromisoverde.org\\\/#organization\",\"name\":\"Compromiso Verde\",\"url\":\"https:\\\/\\\/compromisoverde.org\\\/\",\"logo\":{\"@type\":\"ImageObject\",\"inLanguage\":\"en-GB\",\"@id\":\"https:\\\/\\\/compromisoverde.org\\\/#\\\/schema\\\/logo\\\/image\\\/\",\"url\":\"https:\\\/\\\/compromisoverde.org\\\/wp-content\\\/uploads\\\/2022\\\/10\\\/logo-V-para-fundo-branco.png\",\"contentUrl\":\"https:\\\/\\\/compromisoverde.org\\\/wp-content\\\/uploads\\\/2022\\\/10\\\/logo-V-para-fundo-branco.png\",\"width\":900,\"height\":278,\"caption\":\"Compromiso Verde\"},\"image\":{\"@id\":\"https:\\\/\\\/compromisoverde.org\\\/#\\\/schema\\\/logo\\\/image\\\/\"},\"sameAs\":[\"https:\\\/\\\/www.facebook.com\\\/profile.php?id=100092195840988\",\"https:\\\/\\\/www.linkedin.com\\\/company\\\/compromisoverde\\\/\",\"https:\\\/\\\/www.instagram.com\\\/compromisoverde.ong\\\/\"]},{\"@type\":\"Person\",\"@id\":\"https:\\\/\\\/compromisoverde.org\\\/#\\\/schema\\\/person\\\/79f9d7d66d51a64ea57882a706b8251e\",\"name\":\"Compromiso Verde\",\"url\":\"https:\\\/\\\/compromisoverde.org\\\/en\\\/author\\\/sandracompromisoverde-org\\\/\"}]}<\/script>\n<!-- \/ Yoast SEO plugin. -->","yoast_head_json":{"title":"As\u00ed se vivi\u00f3 Jaulas Abiertas 2025: una jornada para inspirar, actuar y crecer juntos - Compromiso Verde","description":"Green Commitment","robots":{"index":"index","follow":"follow","max-snippet":"max-snippet:-1","max-image-preview":"max-image-preview:large","max-video-preview":"max-video-preview:-1"},"canonical":"https:\/\/compromisoverde.org\/en\/2025\/04\/asi-se-vivio-jaulas-abiertas-2025-una-jornada-para-inspirar-actuar-y-crecer-juntos\/","og_locale":"en_GB","og_type":"article","og_title":"As\u00ed se vivi\u00f3 Jaulas Abiertas 2025: una jornada para inspirar, actuar y crecer juntos - Compromiso Verde","og_description":"Compromiso Verde","og_url":"https:\/\/compromisoverde.org\/en\/2025\/04\/asi-se-vivio-jaulas-abiertas-2025-una-jornada-para-inspirar-actuar-y-crecer-juntos\/","og_site_name":"Compromiso Verde","article_publisher":"https:\/\/www.facebook.com\/profile.php?id=100092195840988","article_published_time":"2025-04-09T18:35:58+00:00","article_modified_time":"2026-05-18T18:31:31+00:00","og_image":[{"width":1200,"height":679,"url":"https:\/\/compromisoverde.org\/wp-content\/uploads\/2025\/04\/Evento-Jaulas-Abiertas.avif","type":"image\/jpeg"}],"author":"Compromiso Verde","twitter_card":"summary_large_image","twitter_misc":{"Written by":"Compromiso Verde","Estimated reading time":"3 minutes"},"schema":{"@context":"https:\/\/schema.org","@graph":[{"@type":"Article","@id":"https:\/\/compromisoverde.org\/2025\/04\/asi-se-vivio-jaulas-abiertas-2025-una-jornada-para-inspirar-actuar-y-crecer-juntos\/#article","isPartOf":{"@id":"https:\/\/compromisoverde.org\/2025\/04\/asi-se-vivio-jaulas-abiertas-2025-una-jornada-para-inspirar-actuar-y-crecer-juntos\/"},"author":{"name":"Compromiso Verde","@id":"https:\/\/compromisoverde.org\/#\/schema\/person\/79f9d7d66d51a64ea57882a706b8251e"},"headline":"As\u00ed se vivi\u00f3 Jaulas Abiertas 2025: una jornada para inspirar, actuar y crecer juntos","datePublished":"2025-04-09T18:35:58+00:00","dateModified":"2026-05-18T18:31:31+00:00","mainEntityOfPage":{"@id":"https:\/\/compromisoverde.org\/2025\/04\/asi-se-vivio-jaulas-abiertas-2025-una-jornada-para-inspirar-actuar-y-crecer-juntos\/"},"wordCount":337,"publisher":{"@id":"https:\/\/compromisoverde.org\/#organization"},"image":{"@id":"https:\/\/compromisoverde.org\/2025\/04\/asi-se-vivio-jaulas-abiertas-2025-una-jornada-para-inspirar-actuar-y-crecer-juntos\/#primaryimage"},"thumbnailUrl":"https:\/\/compromisoverde.org\/wp-content\/uploads\/2025\/04\/Evento-Jaulas-Abiertas.avif","keywords":["Cobertura del evento"],"articleSection":["Voluntarios"],"inLanguage":"en-GB"},{"@type":"WebPage","@id":"https:\/\/compromisoverde.org\/2025\/04\/asi-se-vivio-jaulas-abiertas-2025-una-jornada-para-inspirar-actuar-y-crecer-juntos\/","url":"https:\/\/compromisoverde.org\/2025\/04\/asi-se-vivio-jaulas-abiertas-2025-una-jornada-para-inspirar-actuar-y-crecer-juntos\/","name":"As\u00ed se vivi\u00f3 Jaulas Abiertas 2025: una jornada para inspirar, actuar y crecer juntos - Compromiso Verde","isPartOf":{"@id":"https:\/\/compromisoverde.org\/#website"},"primaryImageOfPage":{"@id":"https:\/\/compromisoverde.org\/2025\/04\/asi-se-vivio-jaulas-abiertas-2025-una-jornada-para-inspirar-actuar-y-crecer-juntos\/#primaryimage"},"image":{"@id":"https:\/\/compromisoverde.org\/2025\/04\/asi-se-vivio-jaulas-abiertas-2025-una-jornada-para-inspirar-actuar-y-crecer-juntos\/#primaryimage"},"thumbnailUrl":"https:\/\/compromisoverde.org\/wp-content\/uploads\/2025\/04\/Evento-Jaulas-Abiertas.avif","datePublished":"2025-04-09T18:35:58+00:00","dateModified":"2026-05-18T18:31:31+00:00","description":"Green Commitment","breadcrumb":{"@id":"https:\/\/compromisoverde.org\/2025\/04\/asi-se-vivio-jaulas-abiertas-2025-una-jornada-para-inspirar-actuar-y-crecer-juntos\/#breadcrumb"},"inLanguage":"en-GB","potentialAction":[{"@type":"ReadAction","target":["https:\/\/compromisoverde.org\/2025\/04\/asi-se-vivio-jaulas-abiertas-2025-una-jornada-para-inspirar-actuar-y-crecer-juntos\/"]}]},{"@type":"ImageObject","inLanguage":"en-GB","@id":"https:\/\/compromisoverde.org\/2025\/04\/asi-se-vivio-jaulas-abiertas-2025-una-jornada-para-inspirar-actuar-y-crecer-juntos\/#primaryimage","url":"https:\/\/compromisoverde.org\/wp-content\/uploads\/2025\/04\/Evento-Jaulas-Abiertas.avif","contentUrl":"https:\/\/compromisoverde.org\/wp-content\/uploads\/2025\/04\/Evento-Jaulas-Abiertas.avif","width":1200,"height":679,"caption":"Evento Jaulas Abiertas"},{"@type":"BreadcrumbList","@id":"https:\/\/compromisoverde.org\/2025\/04\/asi-se-vivio-jaulas-abiertas-2025-una-jornada-para-inspirar-actuar-y-crecer-juntos\/#breadcrumb","itemListElement":[{"@type":"ListItem","position":1,"name":"In\u00edcio","item":"https:\/\/compromisoverde.org\/"},{"@type":"ListItem","position":2,"name":"As\u00ed se vivi\u00f3 Jaulas Abiertas 2025: una jornada para inspirar, actuar y crecer juntos"}]},{"@type":"WebSite","@id":"https:\/\/compromisoverde.org\/#website","url":"https:\/\/compromisoverde.org\/","name":"Green Commitment","description":"Green Commitment","publisher":{"@id":"https:\/\/compromisoverde.org\/#organization"},"potentialAction":[{"@type":"SearchAction","target":{"@type":"EntryPoint","urlTemplate":"https:\/\/compromisoverde.org\/?s={search_term_string}"},"query-input":{"@type":"PropertyValueSpecification","valueRequired":true,"valueName":"search_term_string"}}],"inLanguage":"en-GB"},{"@type":"Organization","@id":"https:\/\/compromisoverde.org\/#organization","name":"Green Commitment","url":"https:\/\/compromisoverde.org\/","logo":{"@type":"ImageObject","inLanguage":"en-GB","@id":"https:\/\/compromisoverde.org\/#\/schema\/logo\/image\/","url":"https:\/\/compromisoverde.org\/wp-content\/uploads\/2022\/10\/logo-V-para-fundo-branco.png","contentUrl":"https:\/\/compromisoverde.org\/wp-content\/uploads\/2022\/10\/logo-V-para-fundo-branco.png","width":900,"height":278,"caption":"Compromiso Verde"},"image":{"@id":"https:\/\/compromisoverde.org\/#\/schema\/logo\/image\/"},"sameAs":["https:\/\/www.facebook.com\/profile.php?id=100092195840988","https:\/\/www.linkedin.com\/company\/compromisoverde\/","https:\/\/www.instagram.com\/compromisoverde.ong\/"]},{"@type":"Person","@id":"https:\/\/compromisoverde.org\/#\/schema\/person\/79f9d7d66d51a64ea57882a706b8251e","name":"Green Commitment","url":"https:\/\/compromisoverde.org\/en\/author\/sandracompromisoverde-org\/"}]}},"_links":{"self":[{"href":"https:\/\/compromisoverde.org\/en\/wp-json\/wp\/v2\/posts\/6080","targetHints":{"allow":["GET"]}}],"collection":[{"href":"https:\/\/compromisoverde.org\/en\/wp-json\/wp\/v2\/posts"}],"about":[{"href":"https:\/\/compromisoverde.org\/en\/wp-json\/wp\/v2\/types\/post"}],"author":[{"embeddable":true,"href":"https:\/\/compromisoverde.org\/en\/wp-json\/wp\/v2\/users\/50"}],"replies":[{"embeddable":true,"href":"https:\/\/compromisoverde.org\/en\/wp-json\/wp\/v2\/comments?post=6080"}],"version-history":[{"count":4,"href":"https:\/\/compromisoverde.org\/en\/wp-json\/wp\/v2\/posts\/6080\/revisions"}],"predecessor-version":[{"id":6087,"href":"https:\/\/compromisoverde.org\/en\/wp-json\/wp\/v2\/posts\/6080\/revisions\/6087"}],"wp:featuredmedia":[{"embeddable":true,"href":"https:\/\/compromisoverde.org\/en\/wp-json\/wp\/v2\/media\/6082"}],"wp:attachment":[{"href":"https:\/\/compromisoverde.org\/en\/wp-json\/wp\/v2\/media?parent=6080"}],"wp:term":[{"taxonomy":"category","embeddable":true,"href":"https:\/\/compromisoverde.org\/en\/wp-json\/wp\/v2\/categories?post=6080"},{"taxonomy":"post_tag","embeddable":true,"href":"https:\/\/compromisoverde.org\/en\/wp-json\/wp\/v2\/tags?post=6080"},{"taxonomy":"post_folder","embeddable":true,"href":"https:\/\/compromisoverde.org\/en\/wp-json\/wp\/v2\/post_folder?post=6080"}],"curies":[{"name":"wp","href":"https:\/\/api.w.org\/{rel}","templated":true}]}}