{"id":3816,"date":"2024-03-15T16:30:41","date_gmt":"2024-03-15T21:30:41","guid":{"rendered":"https:\/\/compromisoverde.org\/?p=3816"},"modified":"2026-09-04T15:02:27","modified_gmt":"2026-09-04T20:02:27","slug":"dia-mundial-de-los-derechos-del-consumidor-2024","status":"publish","type":"post","link":"https:\/\/compromisoverde.org\/en\/2024\/03\/dia-mundial-de-los-derechos-del-consumidor-2024\/","title":{"rendered":"World Consumer Rights Day: An opportunity to protect consumers' health and interests"},"content":{"rendered":"<figure class=\"wp-block-image size-large\"><img data-dominant-color=\"a9886a\" data-has-transparency=\"false\" style=\"--dominant-color: #a9886a;\" fetchpriority=\"high\" decoding=\"async\" width=\"1024\" height=\"683\" sizes=\"(max-width: 1024px) 100vw, 1024px\" src=\"http:\/\/compromisoverde.org\/wp-content\/uploads\/2024\/07\/Dia-Mundial-de-los-Derechos-del-Consumidor-un-camino-hacia-el-bienestar-animal-y-el-consumo-sostenible-1024x683.webp\" alt=\"Di\u0301a Mundial de los Derechos del Consumidor, un camino hacia el bienestar animal y el consumo sostenible\" class=\"wp-image-3817 not-transparent\" srcset=\"https:\/\/compromisoverde.org\/wp-content\/uploads\/2024\/07\/Dia-Mundial-de-los-Derechos-del-Consumidor-un-camino-hacia-el-bienestar-animal-y-el-consumo-sostenible-1024x683.webp 1024w, https:\/\/compromisoverde.org\/wp-content\/uploads\/2024\/07\/Dia-Mundial-de-los-Derechos-del-Consumidor-un-camino-hacia-el-bienestar-animal-y-el-consumo-sostenible-300x200.webp 300w, https:\/\/compromisoverde.org\/wp-content\/uploads\/2024\/07\/Dia-Mundial-de-los-Derechos-del-Consumidor-un-camino-hacia-el-bienestar-animal-y-el-consumo-sostenible-768x512.webp 768w, https:\/\/compromisoverde.org\/wp-content\/uploads\/2024\/07\/Dia-Mundial-de-los-Derechos-del-Consumidor-un-camino-hacia-el-bienestar-animal-y-el-consumo-sostenible-jpg.webp 1200w\" \/><\/figure>\n\n\n\n<p class=\"wp-block-paragraph\">15 March marks World Consumer Rights Day, a day to protect the health, safety and economic interests of consumers around the world. It is a reminder that both public institutions and private companies have a responsibility to guarantee these fundamental rights.<\/p>\n\n\n\n<h2 class=\"wp-block-heading\">The beginnings of consumer protection in Peru<\/h2>\n\n\n\n<p class=\"wp-block-paragraph\">In 1991, through Law No. 25327, Peru enacted Legislative Decree No. 716, \"Norms on Consumer Protection\". This law gave rise to the National Institute for the Defence of Competition and the Protection of Intellectual Property (Indecopi) in November 1992, by means of Decree Law No. 25868.<\/p>\n\n\n\n<p class=\"wp-block-paragraph\">Among the fundamental rights of Peruvian consumers are the right to information, to suitability, and to equal and fair treatment. The right to information is extremely important, as it implies that suppliers must provide complete and relevant information so that consumers can make purchasing decisions that not only meet their needs, but also their interests.<\/p>\n\n\n\n<h2 class=\"wp-block-heading\">The future is: sustainable consumption<\/h2>\n\n\n\n<p class=\"wp-block-paragraph\">The United Nations 2030 Agenda calls for the promotion of sustainable management and efficient use of resources. Of the 17 Sustainable Development Goals, number 12 calls for responsible production and consumption; food industry companies thus have a crucial role to play in this transition towards more responsible and environmentally friendly consumption patterns.&nbsp;<\/p>\n\n\n\n<h2 class=\"wp-block-heading\">Animal welfare and sustainability<\/h2>\n\n\n\n<p class=\"wp-block-paragraph\">In the report \"<a href=\"http:\/\/www.fao.org\/ag\/againfo\/home\/en\/news_archive\/2014_Animal_Welfare_at_the_Heart_of_Sustainability.html\">Animal welfare at the heart of sustainability<\/a>\"The FAO\/Department of Agriculture and Consumer Protection has underlined the need to make animal welfare a priority for sustainability, and recognised that animal production and animal welfare are inextricably linked to ethical, political, economic, environmental and social issues.&nbsp;<\/p>\n\n\n\n<figure class=\"wp-block-image size-large\"><img data-dominant-color=\"492d18\" data-has-transparency=\"false\" style=\"--dominant-color: #492d18;\" decoding=\"async\" width=\"1024\" height=\"630\" sizes=\"(max-width: 1024px) 100vw, 1024px\" src=\"http:\/\/compromisoverde.org\/wp-content\/uploads\/2024\/07\/Dia-Mundial-de-los-Derechos-del-Consumidor-un-camino-hacia-el-bienestar-animal-y-el-consumo-sostenible-peru-1024x630.webp\" alt=\"Di\u0301a Mundial de los Derechos del Consumidor, un camino hacia el bienestar animal y el consumo sostenible peru\" class=\"wp-image-3818 not-transparent\" srcset=\"https:\/\/compromisoverde.org\/wp-content\/uploads\/2024\/07\/Dia-Mundial-de-los-Derechos-del-Consumidor-un-camino-hacia-el-bienestar-animal-y-el-consumo-sostenible-peru-1024x630.webp 1024w, https:\/\/compromisoverde.org\/wp-content\/uploads\/2024\/07\/Dia-Mundial-de-los-Derechos-del-Consumidor-un-camino-hacia-el-bienestar-animal-y-el-consumo-sostenible-peru-300x185.webp 300w, https:\/\/compromisoverde.org\/wp-content\/uploads\/2024\/07\/Dia-Mundial-de-los-Derechos-del-Consumidor-un-camino-hacia-el-bienestar-animal-y-el-consumo-sostenible-peru-768x472.webp 768w, https:\/\/compromisoverde.org\/wp-content\/uploads\/2024\/07\/Dia-Mundial-de-los-Derechos-del-Consumidor-un-camino-hacia-el-bienestar-animal-y-el-consumo-sostenible-peru-jpg.webp 1200w\" \/><\/figure>\n\n\n\n<p class=\"wp-block-paragraph\">In June 2023, Compromiso Verde conducted a survey in collaboration with IPSOS Peru, focusing on Peruvians' eating habits and their views on animal cruelty in the egg industry. The data gave us an overview of our work and helped us structure actions to strengthen our commitment to animal welfare.<\/p>\n\n\n\n<p class=\"wp-block-paragraph\">Interestingly, some of the findings include:<\/p>\n\n\n\n<ul class=\"wp-block-list\">\n<li>76% expresses concern about animal abuse in the food industry.<\/li>\n\n\n\n<li>The 76% considers the use of cages to be unacceptable.<\/li>\n\n\n\n<li>57% considers the sale of eggs from caged hens unacceptable.<\/li>\n<\/ul>\n\n\n\n<p class=\"wp-block-paragraph\">These results show that consumers are becoming increasingly aware of the provenance of their food; and that their purchasing decisions go beyond their needs, being more in line with their expectations and interests.<\/p>","protected":false},"excerpt":{"rendered":"<p>El 15 de marzo se conmemora el D\u00eda Mundial de los Derechos del Consumidor, una fecha donde se protege la salud, la seguridad y los intereses econ\u00f3micos de los consumidores en todo el mundo. Es un recordatorio de que tanto las instituciones p\u00fablicas como las empresas privadas, tienen la responsabilidad de garantizar estos derechos fundamentales. [&hellip;]<\/p>\n","protected":false},"author":15,"featured_media":3817,"comment_status":"closed","ping_status":"open","sticky":false,"template":"","format":"standard","meta":{"footnotes":"","_links_to":"","_links_to_target":""},"categories":[20],"tags":[21],"post_folder":[],"class_list":["post-3816","post","type-post","status-publish","format-standard","has-post-thumbnail","hentry","category-sostenibilidad","tag-eventos"],"yoast_head":"<!-- This site is optimized with the Yoast SEO plugin v28.4 - https:\/\/yoast.com\/product\/yoast-seo-wordpress\/ -->\n<title>D\u00eda Mundial de los Derechos del Consumidor: Una oportunidad para proteger la salud y los intereses de los consumidores - Compromiso Verde<\/title>\n<meta name=\"description\" content=\"Compromiso Verde\" \/>\n<meta name=\"robots\" content=\"index, follow, max-snippet:-1, max-image-preview:large, max-video-preview:-1\" \/>\n<link rel=\"canonical\" href=\"https:\/\/compromisoverde.org\/en\/2024\/03\/dia-mundial-de-los-derechos-del-consumidor-2024\/\" \/>\n<meta property=\"og:locale\" content=\"en_GB\" \/>\n<meta property=\"og:type\" content=\"article\" \/>\n<meta property=\"og:title\" content=\"D\u00eda Mundial de los Derechos del Consumidor: Una oportunidad para proteger la salud y los intereses de los consumidores - Compromiso Verde\" \/>\n<meta property=\"og:description\" content=\"Compromiso Verde\" \/>\n<meta property=\"og:url\" content=\"https:\/\/compromisoverde.org\/en\/2024\/03\/dia-mundial-de-los-derechos-del-consumidor-2024\/\" \/>\n<meta property=\"og:site_name\" content=\"Compromiso Verde\" \/>\n<meta property=\"article:publisher\" content=\"https:\/\/www.facebook.com\/profile.php?id=100092195840988\" \/>\n<meta property=\"article:published_time\" content=\"2024-03-15T21:30:41+00:00\" \/>\n<meta property=\"article:modified_time\" content=\"2026-09-04T20:02:27+00:00\" \/>\n<meta property=\"og:image\" content=\"https:\/\/compromisoverde.org\/wp-content\/uploads\/2024\/07\/Dia-Mundial-de-los-Derechos-del-Consumidor-un-camino-hacia-el-bienestar-animal-y-el-consumo-sostenible-jpg.webp\" \/>\n\t<meta property=\"og:image:width\" content=\"1200\" \/>\n\t<meta property=\"og:image:height\" content=\"800\" \/>\n\t<meta property=\"og:image:type\" content=\"image\/jpeg\" \/>\n<meta name=\"author\" content=\"Elizabeth\" \/>\n<meta name=\"twitter:card\" content=\"summary_large_image\" \/>\n<meta name=\"twitter:label1\" content=\"Written by\" \/>\n\t<meta name=\"twitter:data1\" content=\"Elizabeth\" \/>\n\t<meta name=\"twitter:label2\" content=\"Estimated reading time\" \/>\n\t<meta name=\"twitter:data2\" content=\"3 minutes\" \/>\n<script type=\"application\/ld+json\" class=\"yoast-schema-graph\">{\"@context\":\"https:\\\/\\\/schema.org\",\"@graph\":[{\"@type\":\"Article\",\"@id\":\"https:\\\/\\\/compromisoverde.org\\\/2024\\\/03\\\/dia-mundial-de-los-derechos-del-consumidor-2024\\\/#article\",\"isPartOf\":{\"@id\":\"https:\\\/\\\/compromisoverde.org\\\/2024\\\/03\\\/dia-mundial-de-los-derechos-del-consumidor-2024\\\/\"},\"author\":{\"name\":\"Elizabeth\",\"@id\":\"https:\\\/\\\/compromisoverde.org\\\/#\\\/schema\\\/person\\\/30df9645756f2096a0d608973121802e\"},\"headline\":\"D\u00eda Mundial de los Derechos del Consumidor: Una oportunidad para proteger la salud y los intereses de los consumidores\",\"datePublished\":\"2024-03-15T21:30:41+00:00\",\"dateModified\":\"2026-09-04T20:02:27+00:00\",\"mainEntityOfPage\":{\"@id\":\"https:\\\/\\\/compromisoverde.org\\\/2024\\\/03\\\/dia-mundial-de-los-derechos-del-consumidor-2024\\\/\"},\"wordCount\":490,\"publisher\":{\"@id\":\"https:\\\/\\\/compromisoverde.org\\\/#organization\"},\"image\":{\"@id\":\"https:\\\/\\\/compromisoverde.org\\\/2024\\\/03\\\/dia-mundial-de-los-derechos-del-consumidor-2024\\\/#primaryimage\"},\"thumbnailUrl\":\"https:\\\/\\\/compromisoverde.org\\\/wp-content\\\/uploads\\\/2024\\\/07\\\/Dia-Mundial-de-los-Derechos-del-Consumidor-un-camino-hacia-el-bienestar-animal-y-el-consumo-sostenible-jpg.webp\",\"keywords\":[\"Eventos\"],\"articleSection\":[\"Sostenibilidad\"],\"inLanguage\":\"en-GB\"},{\"@type\":\"WebPage\",\"@id\":\"https:\\\/\\\/compromisoverde.org\\\/2024\\\/03\\\/dia-mundial-de-los-derechos-del-consumidor-2024\\\/\",\"url\":\"https:\\\/\\\/compromisoverde.org\\\/2024\\\/03\\\/dia-mundial-de-los-derechos-del-consumidor-2024\\\/\",\"name\":\"D\u00eda Mundial de los Derechos del Consumidor: Una oportunidad para proteger la salud y los intereses de los consumidores - Compromiso Verde\",\"isPartOf\":{\"@id\":\"https:\\\/\\\/compromisoverde.org\\\/#website\"},\"primaryImageOfPage\":{\"@id\":\"https:\\\/\\\/compromisoverde.org\\\/2024\\\/03\\\/dia-mundial-de-los-derechos-del-consumidor-2024\\\/#primaryimage\"},\"image\":{\"@id\":\"https:\\\/\\\/compromisoverde.org\\\/2024\\\/03\\\/dia-mundial-de-los-derechos-del-consumidor-2024\\\/#primaryimage\"},\"thumbnailUrl\":\"https:\\\/\\\/compromisoverde.org\\\/wp-content\\\/uploads\\\/2024\\\/07\\\/Dia-Mundial-de-los-Derechos-del-Consumidor-un-camino-hacia-el-bienestar-animal-y-el-consumo-sostenible-jpg.webp\",\"datePublished\":\"2024-03-15T21:30:41+00:00\",\"dateModified\":\"2026-09-04T20:02:27+00:00\",\"description\":\"Compromiso Verde\",\"breadcrumb\":{\"@id\":\"https:\\\/\\\/compromisoverde.org\\\/2024\\\/03\\\/dia-mundial-de-los-derechos-del-consumidor-2024\\\/#breadcrumb\"},\"inLanguage\":\"en-GB\",\"potentialAction\":[{\"@type\":\"ReadAction\",\"target\":[\"https:\\\/\\\/compromisoverde.org\\\/2024\\\/03\\\/dia-mundial-de-los-derechos-del-consumidor-2024\\\/\"]}]},{\"@type\":\"ImageObject\",\"inLanguage\":\"en-GB\",\"@id\":\"https:\\\/\\\/compromisoverde.org\\\/2024\\\/03\\\/dia-mundial-de-los-derechos-del-consumidor-2024\\\/#primaryimage\",\"url\":\"https:\\\/\\\/compromisoverde.org\\\/wp-content\\\/uploads\\\/2024\\\/07\\\/Dia-Mundial-de-los-Derechos-del-Consumidor-un-camino-hacia-el-bienestar-animal-y-el-consumo-sostenible-jpg.webp\",\"contentUrl\":\"https:\\\/\\\/compromisoverde.org\\\/wp-content\\\/uploads\\\/2024\\\/07\\\/Dia-Mundial-de-los-Derechos-del-Consumidor-un-camino-hacia-el-bienestar-animal-y-el-consumo-sostenible-jpg.webp\",\"width\":1200,\"height\":800,\"caption\":\"Di\u0301a Mundial de los Derechos del Consumidor, un camino hacia el bienestar animal y el consumo sostenible\"},{\"@type\":\"BreadcrumbList\",\"@id\":\"https:\\\/\\\/compromisoverde.org\\\/2024\\\/03\\\/dia-mundial-de-los-derechos-del-consumidor-2024\\\/#breadcrumb\",\"itemListElement\":[{\"@type\":\"ListItem\",\"position\":1,\"name\":\"In\u00edcio\",\"item\":\"https:\\\/\\\/compromisoverde.org\\\/\"},{\"@type\":\"ListItem\",\"position\":2,\"name\":\"D\u00eda Mundial de los Derechos del Consumidor: Una oportunidad para proteger la salud y los intereses de los consumidores\"}]},{\"@type\":\"WebSite\",\"@id\":\"https:\\\/\\\/compromisoverde.org\\\/#website\",\"url\":\"https:\\\/\\\/compromisoverde.org\\\/\",\"name\":\"Compromiso Verde\",\"description\":\"Compromiso Verde\",\"publisher\":{\"@id\":\"https:\\\/\\\/compromisoverde.org\\\/#organization\"},\"potentialAction\":[{\"@type\":\"SearchAction\",\"target\":{\"@type\":\"EntryPoint\",\"urlTemplate\":\"https:\\\/\\\/compromisoverde.org\\\/?s={search_term_string}\"},\"query-input\":{\"@type\":\"PropertyValueSpecification\",\"valueRequired\":true,\"valueName\":\"search_term_string\"}}],\"inLanguage\":\"en-GB\"},{\"@type\":\"Organization\",\"@id\":\"https:\\\/\\\/compromisoverde.org\\\/#organization\",\"name\":\"Compromiso Verde\",\"url\":\"https:\\\/\\\/compromisoverde.org\\\/\",\"logo\":{\"@type\":\"ImageObject\",\"inLanguage\":\"en-GB\",\"@id\":\"https:\\\/\\\/compromisoverde.org\\\/#\\\/schema\\\/logo\\\/image\\\/\",\"url\":\"https:\\\/\\\/compromisoverde.org\\\/wp-content\\\/uploads\\\/2022\\\/10\\\/logo-V-para-fundo-branco.png\",\"contentUrl\":\"https:\\\/\\\/compromisoverde.org\\\/wp-content\\\/uploads\\\/2022\\\/10\\\/logo-V-para-fundo-branco.png\",\"width\":900,\"height\":278,\"caption\":\"Compromiso Verde\"},\"image\":{\"@id\":\"https:\\\/\\\/compromisoverde.org\\\/#\\\/schema\\\/logo\\\/image\\\/\"},\"sameAs\":[\"https:\\\/\\\/www.facebook.com\\\/profile.php?id=100092195840988\",\"https:\\\/\\\/www.linkedin.com\\\/company\\\/compromisoverde\\\/\",\"https:\\\/\\\/www.instagram.com\\\/compromisoverde.ong\\\/\"]},{\"@type\":\"Person\",\"@id\":\"https:\\\/\\\/compromisoverde.org\\\/#\\\/schema\\\/person\\\/30df9645756f2096a0d608973121802e\",\"name\":\"Elizabeth\",\"url\":\"https:\\\/\\\/compromisoverde.org\\\/en\\\/author\\\/elizabeth\\\/\"}]}<\/script>\n<!-- \/ Yoast SEO plugin. -->","yoast_head_json":{"title":"D\u00eda Mundial de los Derechos del Consumidor: Una oportunidad para proteger la salud y los intereses de los consumidores - Compromiso Verde","description":"Green Commitment","robots":{"index":"index","follow":"follow","max-snippet":"max-snippet:-1","max-image-preview":"max-image-preview:large","max-video-preview":"max-video-preview:-1"},"canonical":"https:\/\/compromisoverde.org\/en\/2024\/03\/dia-mundial-de-los-derechos-del-consumidor-2024\/","og_locale":"en_GB","og_type":"article","og_title":"D\u00eda Mundial de los Derechos del Consumidor: Una oportunidad para proteger la salud y los intereses de los consumidores - Compromiso Verde","og_description":"Compromiso Verde","og_url":"https:\/\/compromisoverde.org\/en\/2024\/03\/dia-mundial-de-los-derechos-del-consumidor-2024\/","og_site_name":"Compromiso Verde","article_publisher":"https:\/\/www.facebook.com\/profile.php?id=100092195840988","article_published_time":"2024-03-15T21:30:41+00:00","article_modified_time":"2026-09-04T20:02:27+00:00","og_image":[{"width":1200,"height":800,"url":"https:\/\/compromisoverde.org\/wp-content\/uploads\/2024\/07\/Dia-Mundial-de-los-Derechos-del-Consumidor-un-camino-hacia-el-bienestar-animal-y-el-consumo-sostenible-jpg.webp","type":"image\/jpeg"}],"author":"Elizabeth","twitter_card":"summary_large_image","twitter_misc":{"Written by":"Elizabeth","Estimated reading time":"3 minutes"},"schema":{"@context":"https:\/\/schema.org","@graph":[{"@type":"Article","@id":"https:\/\/compromisoverde.org\/2024\/03\/dia-mundial-de-los-derechos-del-consumidor-2024\/#article","isPartOf":{"@id":"https:\/\/compromisoverde.org\/2024\/03\/dia-mundial-de-los-derechos-del-consumidor-2024\/"},"author":{"name":"Elizabeth","@id":"https:\/\/compromisoverde.org\/#\/schema\/person\/30df9645756f2096a0d608973121802e"},"headline":"D\u00eda Mundial de los Derechos del Consumidor: Una oportunidad para proteger la salud y los intereses de los consumidores","datePublished":"2024-03-15T21:30:41+00:00","dateModified":"2026-09-04T20:02:27+00:00","mainEntityOfPage":{"@id":"https:\/\/compromisoverde.org\/2024\/03\/dia-mundial-de-los-derechos-del-consumidor-2024\/"},"wordCount":490,"publisher":{"@id":"https:\/\/compromisoverde.org\/#organization"},"image":{"@id":"https:\/\/compromisoverde.org\/2024\/03\/dia-mundial-de-los-derechos-del-consumidor-2024\/#primaryimage"},"thumbnailUrl":"https:\/\/compromisoverde.org\/wp-content\/uploads\/2024\/07\/Dia-Mundial-de-los-Derechos-del-Consumidor-un-camino-hacia-el-bienestar-animal-y-el-consumo-sostenible-jpg.webp","keywords":["Eventos"],"articleSection":["Sostenibilidad"],"inLanguage":"en-GB"},{"@type":"WebPage","@id":"https:\/\/compromisoverde.org\/2024\/03\/dia-mundial-de-los-derechos-del-consumidor-2024\/","url":"https:\/\/compromisoverde.org\/2024\/03\/dia-mundial-de-los-derechos-del-consumidor-2024\/","name":"D\u00eda Mundial de los Derechos del Consumidor: Una oportunidad para proteger la salud y los intereses de los consumidores - Compromiso Verde","isPartOf":{"@id":"https:\/\/compromisoverde.org\/#website"},"primaryImageOfPage":{"@id":"https:\/\/compromisoverde.org\/2024\/03\/dia-mundial-de-los-derechos-del-consumidor-2024\/#primaryimage"},"image":{"@id":"https:\/\/compromisoverde.org\/2024\/03\/dia-mundial-de-los-derechos-del-consumidor-2024\/#primaryimage"},"thumbnailUrl":"https:\/\/compromisoverde.org\/wp-content\/uploads\/2024\/07\/Dia-Mundial-de-los-Derechos-del-Consumidor-un-camino-hacia-el-bienestar-animal-y-el-consumo-sostenible-jpg.webp","datePublished":"2024-03-15T21:30:41+00:00","dateModified":"2026-09-04T20:02:27+00:00","description":"Green Commitment","breadcrumb":{"@id":"https:\/\/compromisoverde.org\/2024\/03\/dia-mundial-de-los-derechos-del-consumidor-2024\/#breadcrumb"},"inLanguage":"en-GB","potentialAction":[{"@type":"ReadAction","target":["https:\/\/compromisoverde.org\/2024\/03\/dia-mundial-de-los-derechos-del-consumidor-2024\/"]}]},{"@type":"ImageObject","inLanguage":"en-GB","@id":"https:\/\/compromisoverde.org\/2024\/03\/dia-mundial-de-los-derechos-del-consumidor-2024\/#primaryimage","url":"https:\/\/compromisoverde.org\/wp-content\/uploads\/2024\/07\/Dia-Mundial-de-los-Derechos-del-Consumidor-un-camino-hacia-el-bienestar-animal-y-el-consumo-sostenible-jpg.webp","contentUrl":"https:\/\/compromisoverde.org\/wp-content\/uploads\/2024\/07\/Dia-Mundial-de-los-Derechos-del-Consumidor-un-camino-hacia-el-bienestar-animal-y-el-consumo-sostenible-jpg.webp","width":1200,"height":800,"caption":"Di\u0301a Mundial de los Derechos del Consumidor, un camino hacia el bienestar animal y el consumo sostenible"},{"@type":"BreadcrumbList","@id":"https:\/\/compromisoverde.org\/2024\/03\/dia-mundial-de-los-derechos-del-consumidor-2024\/#breadcrumb","itemListElement":[{"@type":"ListItem","position":1,"name":"In\u00edcio","item":"https:\/\/compromisoverde.org\/"},{"@type":"ListItem","position":2,"name":"D\u00eda Mundial de los Derechos del Consumidor: Una oportunidad para proteger la salud y los intereses de los consumidores"}]},{"@type":"WebSite","@id":"https:\/\/compromisoverde.org\/#website","url":"https:\/\/compromisoverde.org\/","name":"Green Commitment","description":"Green Commitment","publisher":{"@id":"https:\/\/compromisoverde.org\/#organization"},"potentialAction":[{"@type":"SearchAction","target":{"@type":"EntryPoint","urlTemplate":"https:\/\/compromisoverde.org\/?s={search_term_string}"},"query-input":{"@type":"PropertyValueSpecification","valueRequired":true,"valueName":"search_term_string"}}],"inLanguage":"en-GB"},{"@type":"Organization","@id":"https:\/\/compromisoverde.org\/#organization","name":"Green Commitment","url":"https:\/\/compromisoverde.org\/","logo":{"@type":"ImageObject","inLanguage":"en-GB","@id":"https:\/\/compromisoverde.org\/#\/schema\/logo\/image\/","url":"https:\/\/compromisoverde.org\/wp-content\/uploads\/2022\/10\/logo-V-para-fundo-branco.png","contentUrl":"https:\/\/compromisoverde.org\/wp-content\/uploads\/2022\/10\/logo-V-para-fundo-branco.png","width":900,"height":278,"caption":"Compromiso Verde"},"image":{"@id":"https:\/\/compromisoverde.org\/#\/schema\/logo\/image\/"},"sameAs":["https:\/\/www.facebook.com\/profile.php?id=100092195840988","https:\/\/www.linkedin.com\/company\/compromisoverde\/","https:\/\/www.instagram.com\/compromisoverde.ong\/"]},{"@type":"Person","@id":"https:\/\/compromisoverde.org\/#\/schema\/person\/30df9645756f2096a0d608973121802e","name":"Elizabeth","url":"https:\/\/compromisoverde.org\/en\/author\/elizabeth\/"}]}},"_links":{"self":[{"href":"https:\/\/compromisoverde.org\/en\/wp-json\/wp\/v2\/posts\/3816","targetHints":{"allow":["GET"]}}],"collection":[{"href":"https:\/\/compromisoverde.org\/en\/wp-json\/wp\/v2\/posts"}],"about":[{"href":"https:\/\/compromisoverde.org\/en\/wp-json\/wp\/v2\/types\/post"}],"author":[{"embeddable":true,"href":"https:\/\/compromisoverde.org\/en\/wp-json\/wp\/v2\/users\/15"}],"replies":[{"embeddable":true,"href":"https:\/\/compromisoverde.org\/en\/wp-json\/wp\/v2\/comments?post=3816"}],"version-history":[{"count":8,"href":"https:\/\/compromisoverde.org\/en\/wp-json\/wp\/v2\/posts\/3816\/revisions"}],"predecessor-version":[{"id":11014,"href":"https:\/\/compromisoverde.org\/en\/wp-json\/wp\/v2\/posts\/3816\/revisions\/11014"}],"wp:featuredmedia":[{"embeddable":true,"href":"https:\/\/compromisoverde.org\/en\/wp-json\/wp\/v2\/media\/3817"}],"wp:attachment":[{"href":"https:\/\/compromisoverde.org\/en\/wp-json\/wp\/v2\/media?parent=3816"}],"wp:term":[{"taxonomy":"category","embeddable":true,"href":"https:\/\/compromisoverde.org\/en\/wp-json\/wp\/v2\/categories?post=3816"},{"taxonomy":"post_tag","embeddable":true,"href":"https:\/\/compromisoverde.org\/en\/wp-json\/wp\/v2\/tags?post=3816"},{"taxonomy":"post_folder","embeddable":true,"href":"https:\/\/compromisoverde.org\/en\/wp-json\/wp\/v2\/post_folder?post=3816"}],"curies":[{"name":"wp","href":"https:\/\/api.w.org\/{rel}","templated":true}]}}