{"id":11493,"date":"2026-08-14T17:13:59","date_gmt":"2026-08-14T22:13:59","guid":{"rendered":"https:\/\/compromisoverde.org\/?p=11493"},"modified":"2026-08-14T17:20:05","modified_gmt":"2026-08-14T22:20:05","slug":"voto-animalista-peru-30-parlamentarios-comprometidos-con-la-proteccion-animal","status":"publish","type":"post","link":"https:\/\/compromisoverde.org\/en\/2026\/08\/voto-animalista-peru-30-parlamentarios-comprometidos-con-la-proteccion-animal\/","title":{"rendered":"Voto Animalista Per\u00fa: 30 parlamentarios comprometidos con la protecci\u00f3n animal"},"content":{"rendered":"<p class=\"wp-block-paragraph\">Treinta integrantes del Congreso peruano electos para el periodo 2026\u20132031 firmaron el compromiso p\u00fablico de <strong>Voto Animalista Per\u00fa<\/strong>: <strong>19<\/strong> en la C\u00e1mara de Diputados y <strong>11<\/strong> en el Senado. En conjunto representan al <strong>15,8 %<\/strong> de los 190 esca\u00f1os del nuevo Congreso bicameral Su presencia abre una oportunidad para impulsar leyes y pol\u00edticas p\u00fablicas que protejan a animales de distintas especies.<\/p>\n\n\n\n<p class=\"wp-block-paragraph\">Durante las Elecciones Generales 2026, m\u00e1s de 1.381 candidaturas se sumaron a esta campa\u00f1a regional, promovida en el pa\u00eds por doce organizaciones peruanas junto con LatinGroup for Animals. Compromiso Verde particip\u00f3 como una de las organizaciones impulsoras.<\/p>\n\n\n\n<p class=\"wp-block-paragraph\">Ahora comienza la etapa decisiva: transformar las firmas en acciones legislativas verificables.<\/p>\n\n\n\n<h2 class=\"wp-block-heading\">\u00bfQu\u00e9 es Voto Animalista Per\u00fa?<\/h2>\n\n\n\n<p class=\"wp-block-paragraph\">Voto Animalista es una campa\u00f1a que busca incorporar la protecci\u00f3n de los animales al debate electoral y conseguir que las candidaturas, independientemente de su afiliaci\u00f3n pol\u00edtica, asuman compromisos concretos.<\/p>\n\n\n\n<p class=\"wp-block-paragraph\">La campa\u00f1a no respalda partidos ni recomienda candidaturas. Registra y publica las adhesiones para que cualquier persona pueda verificarlas y hacer seguimiento a su cumplimiento.<\/p>\n\n\n\n<p class=\"wp-block-paragraph\">Durante las Elecciones Generales 2026, la iniciativa alcanz\u00f3 los siguientes resultados:<\/p>\n\n\n\n<ul class=\"wp-block-list\">\n<li>M\u00e1s de 1.381 candidaturas firmantes.<\/li>\n\n\n\n<li>23 partidos pol\u00edticos representados.<\/li>\n\n\n\n<li>6 partidos adheridos en bloque.<\/li>\n\n\n\n<li>9 candidaturas presidenciales comprometidas.<\/li>\n\n\n\n<li>12 organizaciones peruanas promotoras.<\/li>\n<\/ul>\n\n\n\n<p class=\"wp-block-paragraph\">Los resultados y las firmas est\u00e1n disponibles en el<a href=\"https:\/\/www.votoanimalista.com\/peru\/?utm_source=chatgpt.com\"> sitio oficial de Voto Animalista Per\u00fa<\/a>.<\/p>\n\n\n\n<figure class=\"wp-block-image size-large\"><img data-dominant-color=\"c4c2bc\" data-has-transparency=\"false\" style=\"--dominant-color: #c4c2bc;\" fetchpriority=\"high\" decoding=\"async\" width=\"1024\" height=\"681\" sizes=\"(max-width: 1024px) 100vw, 1024px\" src=\"https:\/\/compromisoverde.org\/wp-content\/uploads\/2026\/08\/Lima-Peru2-1-1024x681.avif\" alt=\"Congreso Peru Lima 2026\" class=\"wp-image-11494 not-transparent\" srcset=\"https:\/\/compromisoverde.org\/wp-content\/uploads\/2026\/08\/Lima-Peru2-1-1024x681.avif 1024w, https:\/\/compromisoverde.org\/wp-content\/uploads\/2026\/08\/Lima-Peru2-1-300x200.avif 300w, https:\/\/compromisoverde.org\/wp-content\/uploads\/2026\/08\/Lima-Peru2-1-768x511.avif 768w, https:\/\/compromisoverde.org\/wp-content\/uploads\/2026\/08\/Lima-Peru2-1-1536x1022.avif 1536w, https:\/\/compromisoverde.org\/wp-content\/uploads\/2026\/08\/Lima-Peru2-1.avif 1920w\" \/><\/figure>\n\n\n\n<h2 class=\"wp-block-heading\">Treinta integrantes del Congreso firmaron el compromiso<\/h2>\n\n\n\n<p class=\"wp-block-paragraph\">Entre las candidaturas adherentes, 30 obtuvieron un esca\u00f1o:<\/p>\n\n\n\n<ul class=\"wp-block-list\">\n<li>19 de los 130 integrantes de la C\u00e1mara de Diputados, equivalentes al 14,6 %.<\/li>\n\n\n\n<li>11 de los 60 integrantes del Senado, equivalentes al 18,3 %.<\/li>\n<\/ul>\n\n\n\n<p class=\"wp-block-paragraph\">El grupo re\u00fane a representantes de distintas organizaciones pol\u00edticas y regiones del pa\u00eds. Esa diversidad muestra que la protecci\u00f3n animal puede generar acuerdos m\u00e1s all\u00e1 de las diferencias partidarias. El desaf\u00edo, sin embargo, sigue siendo considerable: <strong>160 integrantes<\/strong> del nuevo Congreso a\u00fan no han asumido p\u00fablicamente el compromiso.<\/p>\n\n\n\n<h2 class=\"wp-block-heading\">\u00bfQu\u00e9 propone el compromiso de Voto Animalista?<\/h2>\n\n\n\n<p class=\"wp-block-paragraph\">El documento contiene diez l\u00edneas de acci\u00f3n:<\/p>\n\n\n\n<ol class=\"wp-block-list\">\n<li>Fortalecer las sanciones contra el maltrato animal, penalizar la zoofilia y reconocer a las familias multiespecie.<\/li>\n\n\n\n<li>Reconocer legal y constitucionalmente a los animales como seres sintientes.<\/li>\n\n\n\n<li>Implementar la educaci\u00f3n en respeto animal establecida en la Ley 30407.<\/li>\n\n\n\n<li>Incorporar la protecci\u00f3n de los animales acu\u00e1ticos en la normativa.<\/li>\n\n\n\n<li>Regular con mayor rigor el transporte de animales vivos.<\/li>\n\n\n\n<li>Priorizar y financiar alternativas a la experimentaci\u00f3n con animales.<\/li>\n\n\n\n<li>Crear pol\u00edticas p\u00fablicas para animales de distintas especies.<\/li>\n\n\n\n<li>Prohibir jaulas, mutilaciones y otros m\u00e9todos crueles utilizados por la industria alimentaria.<\/li>\n\n\n\n<li>Reforzar la protecci\u00f3n de la fauna silvestre y combatir su tr\u00e1fico ilegal.<\/li>\n\n\n\n<li>Detener pr\u00e1cticas de maltrato como las corridas de toros y las peleas de gallos.<\/li>\n<\/ol>\n\n\n\n<h2 class=\"wp-block-heading\">Una agenda legislativa pendiente<\/h2>\n\n\n\n<p class=\"wp-block-paragraph\">El Congreso anterior dej\u00f3 sin resolver iniciativas clave para reducir el sufrimiento animal. Entre ellas destaca el <strong>Proyecto de Ley 13829\/2025-CR<\/strong>, impulsado por Compromiso Verde, que promueve buenas pr\u00e1cticas en la avicultura para mejorar la calidad de la producci\u00f3n de huevos, el bienestar de las aves y la prevenci\u00f3n de enfermedades sist\u00e9micas e infecciosas. Pese al respaldo t\u00e9cnico, ciudadano y de organizaciones de protecci\u00f3n animal, la Comisi\u00f3n Agraria no emiti\u00f3 dictamen antes de cerrar el periodo parlamentario.<\/p>\n\n\n\n<p class=\"wp-block-paragraph\">Tambi\u00e9n qued\u00f3 pendiente el <strong>Proyecto de Ley 6448\/2023-CR<\/strong>, que propone un etiquetado transparente de los huevos comercializados en el Per\u00fa. La iniciativa busca informar si proceden de sistemas de jaula, corral o pastoreo y evitar im\u00e1genes o mensajes que puedan inducir a error sobre las condiciones en las que fueron mantenidas las gallinas. Aunque obtuvo un dictamen favorable en la Comisi\u00f3n de Defensa del Consumidor, no lleg\u00f3 a ser debatido por el Pleno.<\/p>\n\n\n\n<p class=\"wp-block-paragraph\">Estos casos demuestran que el respaldo t\u00e9cnico y ciudadano no basta: las iniciativas necesitan voluntad pol\u00edtica, prioridad en la agenda y seguimiento durante todo el proceso legislativo.<\/p>\n\n\n\n<p class=\"wp-block-paragraph\">Consulta la lista de firmantes y las diez propuestas en el<a href=\"https:\/\/www.votoanimalista.com\/peru\/?utm_source=chatgpt.com\"> sitio de Voto Animalista Per\u00fa<\/a>.<\/p>\n\n\n\n<h2 class=\"wp-block-heading\">\u00bfQu\u00e9 sigue?<\/h2>\n\n\n\n<p class=\"wp-block-paragraph\">Durante el nuevo periodo legislativo, seguiremos desarrollando propuestas basadas en evidencia, dialogando con representantes de distintas fuerzas pol\u00edticas y promoviendo avances verificables para los animales.<\/p>\n\n\n\n<p class=\"wp-block-paragraph\">Voto Animalista consigui\u00f3 que la protecci\u00f3n animal formara parte del debate electoral. El siguiente paso es lograr que los compromisos p\u00fablicos se conviertan en leyes y pol\u00edticas eficaces.<\/p>\n\n\n\n<p class=\"wp-block-paragraph\"><a href=\"https:\/\/www.votoanimalista.com\/peru2\/comunicado\/?utm_source=chatgpt.com\">Fuente: comunicado oficial de Voto Animalista Per\u00fa<\/a>.<\/p>","protected":false},"excerpt":{"rendered":"<p>Treinta integrantes del Congreso peruano electos para el periodo 2026\u20132031 firmaron el compromiso p\u00fablico de Voto Animalista Per\u00fa: 19 en la C\u00e1mara de Diputados y 11 en el Senado. En conjunto representan al 15,8 % de los 190 esca\u00f1os del nuevo Congreso bicameral Su presencia abre una oportunidad para impulsar leyes y pol\u00edticas p\u00fablicas que [&hellip;]<\/p>\n","protected":false},"author":50,"featured_media":11495,"comment_status":"closed","ping_status":"open","sticky":false,"template":"","format":"standard","meta":{"footnotes":"","_links_to":"","_links_to_target":""},"categories":[291],"tags":[279],"post_folder":[],"class_list":["post-11493","post","type-post","status-publish","format-standard","has-post-thumbnail","hentry","category-politicas-publicas","tag-legal"],"yoast_head":"<!-- This site is optimized with the Yoast SEO plugin v28.4 - https:\/\/yoast.com\/product\/yoast-seo-wordpress\/ -->\n<title>Voto Animalista Per\u00fa: 30 parlamentarios comprometidos con la protecci\u00f3n animal - Compromiso Verde<\/title>\n<meta name=\"description\" content=\"Compromiso Verde\" \/>\n<meta name=\"robots\" content=\"index, follow, max-snippet:-1, max-image-preview:large, max-video-preview:-1\" \/>\n<link rel=\"canonical\" href=\"https:\/\/compromisoverde.org\/en\/2026\/08\/voto-animalista-peru-30-parlamentarios-comprometidos-con-la-proteccion-animal\/\" \/>\n<meta property=\"og:locale\" content=\"en_GB\" \/>\n<meta property=\"og:type\" content=\"article\" \/>\n<meta property=\"og:title\" content=\"Voto Animalista Per\u00fa: 30 parlamentarios comprometidos con la protecci\u00f3n animal - Compromiso Verde\" \/>\n<meta property=\"og:description\" content=\"Compromiso Verde\" \/>\n<meta property=\"og:url\" content=\"https:\/\/compromisoverde.org\/en\/2026\/08\/voto-animalista-peru-30-parlamentarios-comprometidos-con-la-proteccion-animal\/\" \/>\n<meta property=\"og:site_name\" content=\"Compromiso Verde\" \/>\n<meta property=\"article:publisher\" content=\"https:\/\/www.facebook.com\/profile.php?id=100092195840988\" \/>\n<meta property=\"article:published_time\" content=\"2026-08-14T22:13:59+00:00\" \/>\n<meta property=\"article:modified_time\" content=\"2026-08-14T22:20:05+00:00\" \/>\n<meta property=\"og:image\" content=\"https:\/\/compromisoverde.org\/wp-content\/uploads\/2026\/08\/Vista_panoramica_del_Hemiciclo_de_sesiones_del_Congreso_del_Peru_en_2023_-_53234664814-1.avif\" \/>\n\t<meta property=\"og:image:width\" content=\"1920\" \/>\n\t<meta property=\"og:image:height\" content=\"1252\" \/>\n\t<meta property=\"og:image:type\" content=\"image\/jpeg\" \/>\n<meta name=\"author\" content=\"Compromiso Verde\" \/>\n<meta name=\"twitter:card\" content=\"summary_large_image\" \/>\n<meta name=\"twitter:label1\" content=\"Written by\" \/>\n\t<meta name=\"twitter:data1\" content=\"Compromiso Verde\" \/>\n\t<meta name=\"twitter:label2\" content=\"Estimated reading time\" \/>\n\t<meta name=\"twitter:data2\" content=\"4 minutes\" \/>\n<script type=\"application\/ld+json\" class=\"yoast-schema-graph\">{\"@context\":\"https:\\\/\\\/schema.org\",\"@graph\":[{\"@type\":\"Article\",\"@id\":\"https:\\\/\\\/compromisoverde.org\\\/2026\\\/08\\\/voto-animalista-peru-30-parlamentarios-comprometidos-con-la-proteccion-animal\\\/#article\",\"isPartOf\":{\"@id\":\"https:\\\/\\\/compromisoverde.org\\\/2026\\\/08\\\/voto-animalista-peru-30-parlamentarios-comprometidos-con-la-proteccion-animal\\\/\"},\"author\":{\"name\":\"Compromiso Verde\",\"@id\":\"https:\\\/\\\/compromisoverde.org\\\/#\\\/schema\\\/person\\\/79f9d7d66d51a64ea57882a706b8251e\"},\"headline\":\"Voto Animalista Per\u00fa: 30 parlamentarios comprometidos con la protecci\u00f3n animal\",\"datePublished\":\"2026-08-14T22:13:59+00:00\",\"dateModified\":\"2026-08-14T22:20:05+00:00\",\"mainEntityOfPage\":{\"@id\":\"https:\\\/\\\/compromisoverde.org\\\/2026\\\/08\\\/voto-animalista-peru-30-parlamentarios-comprometidos-con-la-proteccion-animal\\\/\"},\"wordCount\":728,\"publisher\":{\"@id\":\"https:\\\/\\\/compromisoverde.org\\\/#organization\"},\"image\":{\"@id\":\"https:\\\/\\\/compromisoverde.org\\\/2026\\\/08\\\/voto-animalista-peru-30-parlamentarios-comprometidos-con-la-proteccion-animal\\\/#primaryimage\"},\"thumbnailUrl\":\"https:\\\/\\\/compromisoverde.org\\\/wp-content\\\/uploads\\\/2026\\\/08\\\/Vista_panoramica_del_Hemiciclo_de_sesiones_del_Congreso_del_Peru_en_2023_-_53234664814-1.avif\",\"keywords\":[\"Legal\"],\"articleSection\":[\"Pol\u00edticas P\u00fablicas\"],\"inLanguage\":\"en-GB\"},{\"@type\":\"WebPage\",\"@id\":\"https:\\\/\\\/compromisoverde.org\\\/2026\\\/08\\\/voto-animalista-peru-30-parlamentarios-comprometidos-con-la-proteccion-animal\\\/\",\"url\":\"https:\\\/\\\/compromisoverde.org\\\/2026\\\/08\\\/voto-animalista-peru-30-parlamentarios-comprometidos-con-la-proteccion-animal\\\/\",\"name\":\"Voto Animalista Per\u00fa: 30 parlamentarios comprometidos con la protecci\u00f3n animal - Compromiso Verde\",\"isPartOf\":{\"@id\":\"https:\\\/\\\/compromisoverde.org\\\/#website\"},\"primaryImageOfPage\":{\"@id\":\"https:\\\/\\\/compromisoverde.org\\\/2026\\\/08\\\/voto-animalista-peru-30-parlamentarios-comprometidos-con-la-proteccion-animal\\\/#primaryimage\"},\"image\":{\"@id\":\"https:\\\/\\\/compromisoverde.org\\\/2026\\\/08\\\/voto-animalista-peru-30-parlamentarios-comprometidos-con-la-proteccion-animal\\\/#primaryimage\"},\"thumbnailUrl\":\"https:\\\/\\\/compromisoverde.org\\\/wp-content\\\/uploads\\\/2026\\\/08\\\/Vista_panoramica_del_Hemiciclo_de_sesiones_del_Congreso_del_Peru_en_2023_-_53234664814-1.avif\",\"datePublished\":\"2026-08-14T22:13:59+00:00\",\"dateModified\":\"2026-08-14T22:20:05+00:00\",\"description\":\"Compromiso Verde\",\"breadcrumb\":{\"@id\":\"https:\\\/\\\/compromisoverde.org\\\/2026\\\/08\\\/voto-animalista-peru-30-parlamentarios-comprometidos-con-la-proteccion-animal\\\/#breadcrumb\"},\"inLanguage\":\"en-GB\",\"potentialAction\":[{\"@type\":\"ReadAction\",\"target\":[\"https:\\\/\\\/compromisoverde.org\\\/2026\\\/08\\\/voto-animalista-peru-30-parlamentarios-comprometidos-con-la-proteccion-animal\\\/\"]}]},{\"@type\":\"ImageObject\",\"inLanguage\":\"en-GB\",\"@id\":\"https:\\\/\\\/compromisoverde.org\\\/2026\\\/08\\\/voto-animalista-peru-30-parlamentarios-comprometidos-con-la-proteccion-animal\\\/#primaryimage\",\"url\":\"https:\\\/\\\/compromisoverde.org\\\/wp-content\\\/uploads\\\/2026\\\/08\\\/Vista_panoramica_del_Hemiciclo_de_sesiones_del_Congreso_del_Peru_en_2023_-_53234664814-1.avif\",\"contentUrl\":\"https:\\\/\\\/compromisoverde.org\\\/wp-content\\\/uploads\\\/2026\\\/08\\\/Vista_panoramica_del_Hemiciclo_de_sesiones_del_Congreso_del_Peru_en_2023_-_53234664814-1.avif\",\"width\":1920,\"height\":1252,\"caption\":\"Vista_panora\u0301mica_del_Hemiciclo_de_sesiones_del_Congreso_del_Peru_en_2023_-_53234664814 (1)\"},{\"@type\":\"BreadcrumbList\",\"@id\":\"https:\\\/\\\/compromisoverde.org\\\/2026\\\/08\\\/voto-animalista-peru-30-parlamentarios-comprometidos-con-la-proteccion-animal\\\/#breadcrumb\",\"itemListElement\":[{\"@type\":\"ListItem\",\"position\":1,\"name\":\"In\u00edcio\",\"item\":\"https:\\\/\\\/compromisoverde.org\\\/\"},{\"@type\":\"ListItem\",\"position\":2,\"name\":\"Voto Animalista Per\u00fa: 30 parlamentarios comprometidos con la protecci\u00f3n animal\"}]},{\"@type\":\"WebSite\",\"@id\":\"https:\\\/\\\/compromisoverde.org\\\/#website\",\"url\":\"https:\\\/\\\/compromisoverde.org\\\/\",\"name\":\"Compromiso Verde\",\"description\":\"Compromiso Verde\",\"publisher\":{\"@id\":\"https:\\\/\\\/compromisoverde.org\\\/#organization\"},\"potentialAction\":[{\"@type\":\"SearchAction\",\"target\":{\"@type\":\"EntryPoint\",\"urlTemplate\":\"https:\\\/\\\/compromisoverde.org\\\/?s={search_term_string}\"},\"query-input\":{\"@type\":\"PropertyValueSpecification\",\"valueRequired\":true,\"valueName\":\"search_term_string\"}}],\"inLanguage\":\"en-GB\"},{\"@type\":\"Organization\",\"@id\":\"https:\\\/\\\/compromisoverde.org\\\/#organization\",\"name\":\"Compromiso Verde\",\"url\":\"https:\\\/\\\/compromisoverde.org\\\/\",\"logo\":{\"@type\":\"ImageObject\",\"inLanguage\":\"en-GB\",\"@id\":\"https:\\\/\\\/compromisoverde.org\\\/#\\\/schema\\\/logo\\\/image\\\/\",\"url\":\"https:\\\/\\\/compromisoverde.org\\\/wp-content\\\/uploads\\\/2022\\\/10\\\/logo-V-para-fundo-branco.png\",\"contentUrl\":\"https:\\\/\\\/compromisoverde.org\\\/wp-content\\\/uploads\\\/2022\\\/10\\\/logo-V-para-fundo-branco.png\",\"width\":900,\"height\":278,\"caption\":\"Compromiso Verde\"},\"image\":{\"@id\":\"https:\\\/\\\/compromisoverde.org\\\/#\\\/schema\\\/logo\\\/image\\\/\"},\"sameAs\":[\"https:\\\/\\\/www.facebook.com\\\/profile.php?id=100092195840988\",\"https:\\\/\\\/www.linkedin.com\\\/company\\\/compromisoverde\\\/\",\"https:\\\/\\\/www.instagram.com\\\/compromisoverde.ong\\\/\"]},{\"@type\":\"Person\",\"@id\":\"https:\\\/\\\/compromisoverde.org\\\/#\\\/schema\\\/person\\\/79f9d7d66d51a64ea57882a706b8251e\",\"name\":\"Compromiso Verde\",\"url\":\"https:\\\/\\\/compromisoverde.org\\\/en\\\/author\\\/sandracompromisoverde-org\\\/\"}]}<\/script>\n<!-- \/ Yoast SEO plugin. -->","yoast_head_json":{"title":"Voto Animalista Per\u00fa: 30 parlamentarios comprometidos con la protecci\u00f3n animal - Compromiso Verde","description":"Green Commitment","robots":{"index":"index","follow":"follow","max-snippet":"max-snippet:-1","max-image-preview":"max-image-preview:large","max-video-preview":"max-video-preview:-1"},"canonical":"https:\/\/compromisoverde.org\/en\/2026\/08\/voto-animalista-peru-30-parlamentarios-comprometidos-con-la-proteccion-animal\/","og_locale":"en_GB","og_type":"article","og_title":"Voto Animalista Per\u00fa: 30 parlamentarios comprometidos con la protecci\u00f3n animal - Compromiso Verde","og_description":"Compromiso Verde","og_url":"https:\/\/compromisoverde.org\/en\/2026\/08\/voto-animalista-peru-30-parlamentarios-comprometidos-con-la-proteccion-animal\/","og_site_name":"Compromiso Verde","article_publisher":"https:\/\/www.facebook.com\/profile.php?id=100092195840988","article_published_time":"2026-08-14T22:13:59+00:00","article_modified_time":"2026-08-14T22:20:05+00:00","og_image":[{"width":1920,"height":1252,"url":"https:\/\/compromisoverde.org\/wp-content\/uploads\/2026\/08\/Vista_panoramica_del_Hemiciclo_de_sesiones_del_Congreso_del_Peru_en_2023_-_53234664814-1.avif","type":"image\/jpeg"}],"author":"Compromiso Verde","twitter_card":"summary_large_image","twitter_misc":{"Written by":"Compromiso Verde","Estimated reading time":"4 minutes"},"schema":{"@context":"https:\/\/schema.org","@graph":[{"@type":"Article","@id":"https:\/\/compromisoverde.org\/2026\/08\/voto-animalista-peru-30-parlamentarios-comprometidos-con-la-proteccion-animal\/#article","isPartOf":{"@id":"https:\/\/compromisoverde.org\/2026\/08\/voto-animalista-peru-30-parlamentarios-comprometidos-con-la-proteccion-animal\/"},"author":{"name":"Compromiso Verde","@id":"https:\/\/compromisoverde.org\/#\/schema\/person\/79f9d7d66d51a64ea57882a706b8251e"},"headline":"Voto Animalista Per\u00fa: 30 parlamentarios comprometidos con la protecci\u00f3n animal","datePublished":"2026-08-14T22:13:59+00:00","dateModified":"2026-08-14T22:20:05+00:00","mainEntityOfPage":{"@id":"https:\/\/compromisoverde.org\/2026\/08\/voto-animalista-peru-30-parlamentarios-comprometidos-con-la-proteccion-animal\/"},"wordCount":728,"publisher":{"@id":"https:\/\/compromisoverde.org\/#organization"},"image":{"@id":"https:\/\/compromisoverde.org\/2026\/08\/voto-animalista-peru-30-parlamentarios-comprometidos-con-la-proteccion-animal\/#primaryimage"},"thumbnailUrl":"https:\/\/compromisoverde.org\/wp-content\/uploads\/2026\/08\/Vista_panoramica_del_Hemiciclo_de_sesiones_del_Congreso_del_Peru_en_2023_-_53234664814-1.avif","keywords":["Legal"],"articleSection":["Pol\u00edticas P\u00fablicas"],"inLanguage":"en-GB"},{"@type":"WebPage","@id":"https:\/\/compromisoverde.org\/2026\/08\/voto-animalista-peru-30-parlamentarios-comprometidos-con-la-proteccion-animal\/","url":"https:\/\/compromisoverde.org\/2026\/08\/voto-animalista-peru-30-parlamentarios-comprometidos-con-la-proteccion-animal\/","name":"Voto Animalista Per\u00fa: 30 parlamentarios comprometidos con la protecci\u00f3n animal - Compromiso Verde","isPartOf":{"@id":"https:\/\/compromisoverde.org\/#website"},"primaryImageOfPage":{"@id":"https:\/\/compromisoverde.org\/2026\/08\/voto-animalista-peru-30-parlamentarios-comprometidos-con-la-proteccion-animal\/#primaryimage"},"image":{"@id":"https:\/\/compromisoverde.org\/2026\/08\/voto-animalista-peru-30-parlamentarios-comprometidos-con-la-proteccion-animal\/#primaryimage"},"thumbnailUrl":"https:\/\/compromisoverde.org\/wp-content\/uploads\/2026\/08\/Vista_panoramica_del_Hemiciclo_de_sesiones_del_Congreso_del_Peru_en_2023_-_53234664814-1.avif","datePublished":"2026-08-14T22:13:59+00:00","dateModified":"2026-08-14T22:20:05+00:00","description":"Green Commitment","breadcrumb":{"@id":"https:\/\/compromisoverde.org\/2026\/08\/voto-animalista-peru-30-parlamentarios-comprometidos-con-la-proteccion-animal\/#breadcrumb"},"inLanguage":"en-GB","potentialAction":[{"@type":"ReadAction","target":["https:\/\/compromisoverde.org\/2026\/08\/voto-animalista-peru-30-parlamentarios-comprometidos-con-la-proteccion-animal\/"]}]},{"@type":"ImageObject","inLanguage":"en-GB","@id":"https:\/\/compromisoverde.org\/2026\/08\/voto-animalista-peru-30-parlamentarios-comprometidos-con-la-proteccion-animal\/#primaryimage","url":"https:\/\/compromisoverde.org\/wp-content\/uploads\/2026\/08\/Vista_panoramica_del_Hemiciclo_de_sesiones_del_Congreso_del_Peru_en_2023_-_53234664814-1.avif","contentUrl":"https:\/\/compromisoverde.org\/wp-content\/uploads\/2026\/08\/Vista_panoramica_del_Hemiciclo_de_sesiones_del_Congreso_del_Peru_en_2023_-_53234664814-1.avif","width":1920,"height":1252,"caption":"Vista_panora\u0301mica_del_Hemiciclo_de_sesiones_del_Congreso_del_Peru_en_2023_-_53234664814 (1)"},{"@type":"BreadcrumbList","@id":"https:\/\/compromisoverde.org\/2026\/08\/voto-animalista-peru-30-parlamentarios-comprometidos-con-la-proteccion-animal\/#breadcrumb","itemListElement":[{"@type":"ListItem","position":1,"name":"In\u00edcio","item":"https:\/\/compromisoverde.org\/"},{"@type":"ListItem","position":2,"name":"Voto Animalista Per\u00fa: 30 parlamentarios comprometidos con la protecci\u00f3n animal"}]},{"@type":"WebSite","@id":"https:\/\/compromisoverde.org\/#website","url":"https:\/\/compromisoverde.org\/","name":"Green Commitment","description":"Green Commitment","publisher":{"@id":"https:\/\/compromisoverde.org\/#organization"},"potentialAction":[{"@type":"SearchAction","target":{"@type":"EntryPoint","urlTemplate":"https:\/\/compromisoverde.org\/?s={search_term_string}"},"query-input":{"@type":"PropertyValueSpecification","valueRequired":true,"valueName":"search_term_string"}}],"inLanguage":"en-GB"},{"@type":"Organization","@id":"https:\/\/compromisoverde.org\/#organization","name":"Green Commitment","url":"https:\/\/compromisoverde.org\/","logo":{"@type":"ImageObject","inLanguage":"en-GB","@id":"https:\/\/compromisoverde.org\/#\/schema\/logo\/image\/","url":"https:\/\/compromisoverde.org\/wp-content\/uploads\/2022\/10\/logo-V-para-fundo-branco.png","contentUrl":"https:\/\/compromisoverde.org\/wp-content\/uploads\/2022\/10\/logo-V-para-fundo-branco.png","width":900,"height":278,"caption":"Compromiso Verde"},"image":{"@id":"https:\/\/compromisoverde.org\/#\/schema\/logo\/image\/"},"sameAs":["https:\/\/www.facebook.com\/profile.php?id=100092195840988","https:\/\/www.linkedin.com\/company\/compromisoverde\/","https:\/\/www.instagram.com\/compromisoverde.ong\/"]},{"@type":"Person","@id":"https:\/\/compromisoverde.org\/#\/schema\/person\/79f9d7d66d51a64ea57882a706b8251e","name":"Green Commitment","url":"https:\/\/compromisoverde.org\/en\/author\/sandracompromisoverde-org\/"}]}},"_links":{"self":[{"href":"https:\/\/compromisoverde.org\/en\/wp-json\/wp\/v2\/posts\/11493","targetHints":{"allow":["GET"]}}],"collection":[{"href":"https:\/\/compromisoverde.org\/en\/wp-json\/wp\/v2\/posts"}],"about":[{"href":"https:\/\/compromisoverde.org\/en\/wp-json\/wp\/v2\/types\/post"}],"author":[{"embeddable":true,"href":"https:\/\/compromisoverde.org\/en\/wp-json\/wp\/v2\/users\/50"}],"replies":[{"embeddable":true,"href":"https:\/\/compromisoverde.org\/en\/wp-json\/wp\/v2\/comments?post=11493"}],"version-history":[{"count":3,"href":"https:\/\/compromisoverde.org\/en\/wp-json\/wp\/v2\/posts\/11493\/revisions"}],"predecessor-version":[{"id":11498,"href":"https:\/\/compromisoverde.org\/en\/wp-json\/wp\/v2\/posts\/11493\/revisions\/11498"}],"wp:featuredmedia":[{"embeddable":true,"href":"https:\/\/compromisoverde.org\/en\/wp-json\/wp\/v2\/media\/11495"}],"wp:attachment":[{"href":"https:\/\/compromisoverde.org\/en\/wp-json\/wp\/v2\/media?parent=11493"}],"wp:term":[{"taxonomy":"category","embeddable":true,"href":"https:\/\/compromisoverde.org\/en\/wp-json\/wp\/v2\/categories?post=11493"},{"taxonomy":"post_tag","embeddable":true,"href":"https:\/\/compromisoverde.org\/en\/wp-json\/wp\/v2\/tags?post=11493"},{"taxonomy":"post_folder","embeddable":true,"href":"https:\/\/compromisoverde.org\/en\/wp-json\/wp\/v2\/post_folder?post=11493"}],"curies":[{"name":"wp","href":"https:\/\/api.w.org\/{rel}","templated":true}]}}