{"id":11383,"date":"2026-07-21T14:58:09","date_gmt":"2026-07-21T19:58:09","guid":{"rendered":"https:\/\/compromisoverde.org\/?p=11383"},"modified":"2026-07-21T15:00:34","modified_gmt":"2026-07-21T20:00:34","slug":"gira-de-voluntarios-en-cusco-arequipa-y-lima-asi-crece-el-voluntariado-por-el-bienestar-animal","status":"publish","type":"post","link":"https:\/\/compromisoverde.org\/en\/2026\/07\/gira-de-voluntarios-en-cusco-arequipa-y-lima-asi-crece-el-voluntariado-por-el-bienestar-animal\/","title":{"rendered":"Gira de Voluntarios en Cusco, Arequipa y Lima: as\u00ed crece el voluntariado por el bienestar animal\u00a0en el Per\u00fa"},"content":{"rendered":"<p class=\"wp-block-paragraph\">\u00a1Lo logramos! Nuestra <strong>Gira de Voluntarios<\/strong> lleg\u00f3 a su fin y todav\u00eda seguimos llenos de energ\u00eda y emoci\u00f3n. Durante estas \u00faltimas semanas, recorrimos <strong>Cusco, Arequipa y Lima<\/strong> con un objetivo claro: encontrarnos, organizarnos y sumar m\u00e1s voces dispuestas a transformar la empat\u00eda en acciones para cambiar la vida de millones de animales.<\/p>\n\n\n\n<p class=\"wp-block-paragraph\">\u00bfEl resultado? Salas llenas, conversaciones inspiradoras y una comunidad que no para de crecer. Si no pudiste acompa\u00f1arnos o si quieres revivir lo mejor del viaje, aqu\u00ed te contamos c\u00f3mo se vivi\u00f3 cada parada de esta gran ruta.<\/p>\n\n\n\n<h2 class=\"wp-block-heading\">Cusco: El inicio de la ruta<\/h2>\n\n\n\n<p class=\"wp-block-paragraph\">Arrancamos el viaje con una c\u00e1lida bienvenida y una cultura maravillosa. El taller en Cusco estuvo lleno de una energ\u00eda hermosa y cercana. Nos reunimos con personas de un coraz\u00f3n gigante, listos para conocer sobre el trabajo que hacemos en Compromiso Verde. Finalizamos con una acci\u00f3n de calle, lo cual fue el inicio perfecto para encender la chispa del activismo en esta gira.<\/p>\n\n\n\n<figure class=\"wp-block-image size-large\"><img data-dominant-color=\"ae8f89\" data-has-transparency=\"false\" style=\"--dominant-color: #ae8f89;\" fetchpriority=\"high\" decoding=\"async\" width=\"1024\" height=\"645\" sizes=\"(max-width: 1024px) 100vw, 1024px\" src=\"https:\/\/compromisoverde.org\/wp-content\/uploads\/2026\/07\/image-1024x645.avif\" alt=\"Cusco Voluntarios Jaulas Abiertas\" class=\"wp-image-11384 not-transparent\" srcset=\"https:\/\/compromisoverde.org\/wp-content\/uploads\/2026\/07\/image-1024x645.avif 1024w, https:\/\/compromisoverde.org\/wp-content\/uploads\/2026\/07\/image-300x189.avif 300w, https:\/\/compromisoverde.org\/wp-content\/uploads\/2026\/07\/image-768x483.avif 768w, https:\/\/compromisoverde.org\/wp-content\/uploads\/2026\/07\/image-1536x967.avif 1536w, https:\/\/compromisoverde.org\/wp-content\/uploads\/2026\/07\/image.avif 2048w\" \/><\/figure>\n\n\n\n<h2 class=\"wp-block-heading\">Arequipa: Multiplicando la fuerza<\/h2>\n\n\n\n<p class=\"wp-block-paragraph\">Nuestra segunda parada fue la Ciudad Blanca. En Arequipa nos encontramos en un espacio cultural genial, compartimos experiencias de cada persona dentro del movimiento y, adem\u00e1s, planeamos el futuro del voluntariado local. La determinaci\u00f3n del equipo arequipe\u00f1o nos demostr\u00f3 que cuando nos unimos con un prop\u00f3sito claro, somos imparables. Y al igual que en Cusco, tambi\u00e9n salimos a las calles para levantar nuestra voz de protesta.<\/p>\n\n\n\n<figure class=\"wp-block-image size-large\"><img data-dominant-color=\"6f5949\" data-has-transparency=\"false\" style=\"--dominant-color: #6f5949;\" decoding=\"async\" width=\"1024\" height=\"683\" sizes=\"(max-width: 1024px) 100vw, 1024px\" src=\"https:\/\/compromisoverde.org\/wp-content\/uploads\/2026\/07\/image-2-1024x683.avif\" alt=\"Arequipa Voluntarios Jaulas Abiertas\" class=\"wp-image-11386 not-transparent\" srcset=\"https:\/\/compromisoverde.org\/wp-content\/uploads\/2026\/07\/image-2-1024x683.avif 1024w, https:\/\/compromisoverde.org\/wp-content\/uploads\/2026\/07\/image-2-300x200.avif 300w, https:\/\/compromisoverde.org\/wp-content\/uploads\/2026\/07\/image-2-768x512.avif 768w, https:\/\/compromisoverde.org\/wp-content\/uploads\/2026\/07\/image-2-1536x1024.avif 1536w, https:\/\/compromisoverde.org\/wp-content\/uploads\/2026\/07\/image-2.avif 2048w\" \/><\/figure>\n\n\n\n<h2 class=\"wp-block-heading\">Lima: Un cierre con broche de oro<\/h2>\n\n\n\n<p class=\"wp-block-paragraph\">Terminamos la gira en la capital con un grupo lleno de ideas y determinaci\u00f3n. Fue hermoso ver caras nuevas y tambi\u00e9n a voluntarios de siempre reencontr\u00e1ndose. Consolidamos un equipo incre\u00edble, listo para salir a las calles, activar en redes y llevar el mensaje a cada rinc\u00f3n de la ciudad.<\/p>\n\n\n\n<figure class=\"wp-block-image size-large\"><img data-dominant-color=\"68615d\" data-has-transparency=\"false\" style=\"--dominant-color: #68615d;\" decoding=\"async\" width=\"1024\" height=\"683\" sizes=\"(max-width: 1024px) 100vw, 1024px\" src=\"https:\/\/compromisoverde.org\/wp-content\/uploads\/2026\/07\/image-1-1024x683.avif\" alt=\"Lima Voluntarios Jaulas Abiertas\" class=\"wp-image-11385 not-transparent\" srcset=\"https:\/\/compromisoverde.org\/wp-content\/uploads\/2026\/07\/image-1-1024x683.avif 1024w, https:\/\/compromisoverde.org\/wp-content\/uploads\/2026\/07\/image-1-300x200.avif 300w, https:\/\/compromisoverde.org\/wp-content\/uploads\/2026\/07\/image-1-768x512.avif 768w, https:\/\/compromisoverde.org\/wp-content\/uploads\/2026\/07\/image-1-1536x1024.avif 1536w, https:\/\/compromisoverde.org\/wp-content\/uploads\/2026\/07\/image-1.avif 2048w\" \/><\/figure>\n\n\n\n<h2 class=\"wp-block-heading\">\u00bfPor qu\u00e9 impulsamos el voluntariado por los animales?\u00a0<\/h2>\n\n\n\n<p class=\"wp-block-paragraph\">Cada libreta entregada, cada idea debatida y cada persona que se sum\u00f3 a la familia en esta gira nos acerca un paso m\u00e1s a nuestra meta en <strong>Green Commitment<\/strong>: educar a la sociedad y trabajar de manera estrat\u00e9gica para <strong>eliminar las pr\u00e1cticas m\u00e1s crueles de la industria, como el confinamiento de millones de gallinas en jaulas.<\/strong><\/p>\n\n\n\n<p class=\"wp-block-paragraph\">A los que asistieron y compartieron su tarde con nosotros: <strong>\u00a1gracias infinitas por sostener esta causa con tanta fuerza!<\/strong> Tu compromiso es el verdadero motor de esta organizaci\u00f3n.<\/p>\n\n\n\n<h2 class=\"wp-block-heading\">\u00bfQu\u00e9 viene ahora?<\/h2>\n\n\n\n<p class=\"wp-block-paragraph\">La Gira de Voluntarios termin\u00f3, pero el movimiento reci\u00e9n comienza. Muy pronto anunciaremos nuevas actividades locales, talleres virtuales y acciones en la calle donde t\u00fa podr\u00e1s ser el protagonista.<\/p>\n\n\n\n<p class=\"wp-block-paragraph\">Si te quedaste con las ganas de participar o quieres dar el primer paso para defender a los animales, \u00a1este es tu momento!<\/p>\n\n\n\n<p class=\"wp-block-paragraph\"><a href=\"https:\/\/compromisoverde.org\/en\/voluntariado\/\"><strong>S\u00famate al voluntariado de Jaulas Abiertas aqu\u00ed<\/strong><\/a><\/p>","protected":false},"excerpt":{"rendered":"<p>\u00a1Lo logramos! Nuestra Gira de Voluntarios lleg\u00f3 a su fin y todav\u00eda seguimos llenos de energ\u00eda y emoci\u00f3n. Durante estas \u00faltimas semanas, recorrimos Cusco, Arequipa y Lima con un objetivo claro: encontrarnos, organizarnos y sumar m\u00e1s voces dispuestas a transformar la empat\u00eda en acciones para cambiar la vida de millones de animales. \u00bfEl resultado? Salas [&hellip;]<\/p>\n","protected":false},"author":50,"featured_media":11386,"comment_status":"closed","ping_status":"open","sticky":false,"template":"","format":"standard","meta":{"footnotes":"","_links_to":"","_links_to_target":""},"categories":[285],"tags":[280],"post_folder":[],"class_list":["post-11383","post","type-post","status-publish","format-standard","has-post-thumbnail","hentry","category-voluntarios","tag-jaulas-abiertas"],"yoast_head":"<!-- This site is optimized with the Yoast SEO plugin v28.4 - https:\/\/yoast.com\/product\/yoast-seo-wordpress\/ -->\n<title>Gira de Voluntarios en Cusco, Arequipa y Lima: as\u00ed crece el voluntariado por el bienestar animal\u00a0en el Per\u00fa - Compromiso Verde<\/title>\n<meta name=\"description\" content=\"Compromiso Verde\" \/>\n<meta name=\"robots\" content=\"index, follow, max-snippet:-1, max-image-preview:large, max-video-preview:-1\" \/>\n<link rel=\"canonical\" href=\"https:\/\/compromisoverde.org\/en\/2026\/07\/gira-de-voluntarios-en-cusco-arequipa-y-lima-asi-crece-el-voluntariado-por-el-bienestar-animal\/\" \/>\n<meta property=\"og:locale\" content=\"en_GB\" \/>\n<meta property=\"og:type\" content=\"article\" \/>\n<meta property=\"og:title\" content=\"Gira de Voluntarios en Cusco, Arequipa y Lima: as\u00ed crece el voluntariado por el bienestar animal\u00a0en el Per\u00fa - Compromiso Verde\" \/>\n<meta property=\"og:description\" content=\"Compromiso Verde\" \/>\n<meta property=\"og:url\" content=\"https:\/\/compromisoverde.org\/en\/2026\/07\/gira-de-voluntarios-en-cusco-arequipa-y-lima-asi-crece-el-voluntariado-por-el-bienestar-animal\/\" \/>\n<meta property=\"og:site_name\" content=\"Compromiso Verde\" \/>\n<meta property=\"article:publisher\" content=\"https:\/\/www.facebook.com\/profile.php?id=100092195840988\" \/>\n<meta property=\"article:published_time\" content=\"2026-07-21T19:58:09+00:00\" \/>\n<meta property=\"article:modified_time\" content=\"2026-07-21T20:00:34+00:00\" \/>\n<meta property=\"og:image\" content=\"https:\/\/compromisoverde.org\/wp-content\/uploads\/2026\/07\/image-2.avif\" \/>\n\t<meta property=\"og:image:width\" content=\"2048\" \/>\n\t<meta property=\"og:image:height\" content=\"1365\" \/>\n\t<meta property=\"og:image:type\" content=\"image\/jpeg\" \/>\n<meta name=\"author\" content=\"Compromiso Verde\" \/>\n<meta name=\"twitter:card\" content=\"summary_large_image\" \/>\n<meta name=\"twitter:label1\" content=\"Written by\" \/>\n\t<meta name=\"twitter:data1\" content=\"Compromiso Verde\" \/>\n\t<meta name=\"twitter:label2\" content=\"Estimated reading time\" \/>\n\t<meta name=\"twitter:data2\" content=\"3 minutes\" \/>\n<script type=\"application\/ld+json\" class=\"yoast-schema-graph\">{\"@context\":\"https:\\\/\\\/schema.org\",\"@graph\":[{\"@type\":\"Article\",\"@id\":\"https:\\\/\\\/compromisoverde.org\\\/2026\\\/07\\\/gira-de-voluntarios-en-cusco-arequipa-y-lima-asi-crece-el-voluntariado-por-el-bienestar-animal\\\/#article\",\"isPartOf\":{\"@id\":\"https:\\\/\\\/compromisoverde.org\\\/2026\\\/07\\\/gira-de-voluntarios-en-cusco-arequipa-y-lima-asi-crece-el-voluntariado-por-el-bienestar-animal\\\/\"},\"author\":{\"name\":\"Compromiso Verde\",\"@id\":\"https:\\\/\\\/compromisoverde.org\\\/#\\\/schema\\\/person\\\/79f9d7d66d51a64ea57882a706b8251e\"},\"headline\":\"Gira de Voluntarios en Cusco, Arequipa y Lima: as\u00ed crece el voluntariado por el bienestar animal\u00a0en el Per\u00fa\",\"datePublished\":\"2026-07-21T19:58:09+00:00\",\"dateModified\":\"2026-07-21T20:00:34+00:00\",\"mainEntityOfPage\":{\"@id\":\"https:\\\/\\\/compromisoverde.org\\\/2026\\\/07\\\/gira-de-voluntarios-en-cusco-arequipa-y-lima-asi-crece-el-voluntariado-por-el-bienestar-animal\\\/\"},\"wordCount\":487,\"publisher\":{\"@id\":\"https:\\\/\\\/compromisoverde.org\\\/#organization\"},\"image\":{\"@id\":\"https:\\\/\\\/compromisoverde.org\\\/2026\\\/07\\\/gira-de-voluntarios-en-cusco-arequipa-y-lima-asi-crece-el-voluntariado-por-el-bienestar-animal\\\/#primaryimage\"},\"thumbnailUrl\":\"https:\\\/\\\/compromisoverde.org\\\/wp-content\\\/uploads\\\/2026\\\/07\\\/image-2.avif\",\"keywords\":[\"Jaulas Abiertas\"],\"articleSection\":[\"Voluntarios\"],\"inLanguage\":\"en-GB\"},{\"@type\":\"WebPage\",\"@id\":\"https:\\\/\\\/compromisoverde.org\\\/2026\\\/07\\\/gira-de-voluntarios-en-cusco-arequipa-y-lima-asi-crece-el-voluntariado-por-el-bienestar-animal\\\/\",\"url\":\"https:\\\/\\\/compromisoverde.org\\\/2026\\\/07\\\/gira-de-voluntarios-en-cusco-arequipa-y-lima-asi-crece-el-voluntariado-por-el-bienestar-animal\\\/\",\"name\":\"Gira de Voluntarios en Cusco, Arequipa y Lima: as\u00ed crece el voluntariado por el bienestar animal\u00a0en el Per\u00fa - Compromiso Verde\",\"isPartOf\":{\"@id\":\"https:\\\/\\\/compromisoverde.org\\\/#website\"},\"primaryImageOfPage\":{\"@id\":\"https:\\\/\\\/compromisoverde.org\\\/2026\\\/07\\\/gira-de-voluntarios-en-cusco-arequipa-y-lima-asi-crece-el-voluntariado-por-el-bienestar-animal\\\/#primaryimage\"},\"image\":{\"@id\":\"https:\\\/\\\/compromisoverde.org\\\/2026\\\/07\\\/gira-de-voluntarios-en-cusco-arequipa-y-lima-asi-crece-el-voluntariado-por-el-bienestar-animal\\\/#primaryimage\"},\"thumbnailUrl\":\"https:\\\/\\\/compromisoverde.org\\\/wp-content\\\/uploads\\\/2026\\\/07\\\/image-2.avif\",\"datePublished\":\"2026-07-21T19:58:09+00:00\",\"dateModified\":\"2026-07-21T20:00:34+00:00\",\"description\":\"Compromiso Verde\",\"breadcrumb\":{\"@id\":\"https:\\\/\\\/compromisoverde.org\\\/2026\\\/07\\\/gira-de-voluntarios-en-cusco-arequipa-y-lima-asi-crece-el-voluntariado-por-el-bienestar-animal\\\/#breadcrumb\"},\"inLanguage\":\"en-GB\",\"potentialAction\":[{\"@type\":\"ReadAction\",\"target\":[\"https:\\\/\\\/compromisoverde.org\\\/2026\\\/07\\\/gira-de-voluntarios-en-cusco-arequipa-y-lima-asi-crece-el-voluntariado-por-el-bienestar-animal\\\/\"]}]},{\"@type\":\"ImageObject\",\"inLanguage\":\"en-GB\",\"@id\":\"https:\\\/\\\/compromisoverde.org\\\/2026\\\/07\\\/gira-de-voluntarios-en-cusco-arequipa-y-lima-asi-crece-el-voluntariado-por-el-bienestar-animal\\\/#primaryimage\",\"url\":\"https:\\\/\\\/compromisoverde.org\\\/wp-content\\\/uploads\\\/2026\\\/07\\\/image-2.avif\",\"contentUrl\":\"https:\\\/\\\/compromisoverde.org\\\/wp-content\\\/uploads\\\/2026\\\/07\\\/image-2.avif\",\"width\":2048,\"height\":1365,\"caption\":\"Arequipa Voluntarios Jaulas Abiertas\"},{\"@type\":\"BreadcrumbList\",\"@id\":\"https:\\\/\\\/compromisoverde.org\\\/2026\\\/07\\\/gira-de-voluntarios-en-cusco-arequipa-y-lima-asi-crece-el-voluntariado-por-el-bienestar-animal\\\/#breadcrumb\",\"itemListElement\":[{\"@type\":\"ListItem\",\"position\":1,\"name\":\"In\u00edcio\",\"item\":\"https:\\\/\\\/compromisoverde.org\\\/\"},{\"@type\":\"ListItem\",\"position\":2,\"name\":\"Gira de Voluntarios en Cusco, Arequipa y Lima: as\u00ed crece el voluntariado por el bienestar animal\u00a0en el Per\u00fa\"}]},{\"@type\":\"WebSite\",\"@id\":\"https:\\\/\\\/compromisoverde.org\\\/#website\",\"url\":\"https:\\\/\\\/compromisoverde.org\\\/\",\"name\":\"Compromiso Verde\",\"description\":\"Compromiso Verde\",\"publisher\":{\"@id\":\"https:\\\/\\\/compromisoverde.org\\\/#organization\"},\"potentialAction\":[{\"@type\":\"SearchAction\",\"target\":{\"@type\":\"EntryPoint\",\"urlTemplate\":\"https:\\\/\\\/compromisoverde.org\\\/?s={search_term_string}\"},\"query-input\":{\"@type\":\"PropertyValueSpecification\",\"valueRequired\":true,\"valueName\":\"search_term_string\"}}],\"inLanguage\":\"en-GB\"},{\"@type\":\"Organization\",\"@id\":\"https:\\\/\\\/compromisoverde.org\\\/#organization\",\"name\":\"Compromiso Verde\",\"url\":\"https:\\\/\\\/compromisoverde.org\\\/\",\"logo\":{\"@type\":\"ImageObject\",\"inLanguage\":\"en-GB\",\"@id\":\"https:\\\/\\\/compromisoverde.org\\\/#\\\/schema\\\/logo\\\/image\\\/\",\"url\":\"https:\\\/\\\/compromisoverde.org\\\/wp-content\\\/uploads\\\/2022\\\/10\\\/logo-V-para-fundo-branco.png\",\"contentUrl\":\"https:\\\/\\\/compromisoverde.org\\\/wp-content\\\/uploads\\\/2022\\\/10\\\/logo-V-para-fundo-branco.png\",\"width\":900,\"height\":278,\"caption\":\"Compromiso Verde\"},\"image\":{\"@id\":\"https:\\\/\\\/compromisoverde.org\\\/#\\\/schema\\\/logo\\\/image\\\/\"},\"sameAs\":[\"https:\\\/\\\/www.facebook.com\\\/profile.php?id=100092195840988\",\"https:\\\/\\\/www.linkedin.com\\\/company\\\/compromisoverde\\\/\",\"https:\\\/\\\/www.instagram.com\\\/compromisoverde.ong\\\/\"]},{\"@type\":\"Person\",\"@id\":\"https:\\\/\\\/compromisoverde.org\\\/#\\\/schema\\\/person\\\/79f9d7d66d51a64ea57882a706b8251e\",\"name\":\"Compromiso Verde\",\"url\":\"https:\\\/\\\/compromisoverde.org\\\/en\\\/author\\\/sandracompromisoverde-org\\\/\"}]}<\/script>\n<!-- \/ Yoast SEO plugin. -->","yoast_head_json":{"title":"Gira de Voluntarios en Cusco, Arequipa y Lima: as\u00ed crece el voluntariado por el bienestar animal\u00a0en el Per\u00fa - Compromiso Verde","description":"Green Commitment","robots":{"index":"index","follow":"follow","max-snippet":"max-snippet:-1","max-image-preview":"max-image-preview:large","max-video-preview":"max-video-preview:-1"},"canonical":"https:\/\/compromisoverde.org\/en\/2026\/07\/gira-de-voluntarios-en-cusco-arequipa-y-lima-asi-crece-el-voluntariado-por-el-bienestar-animal\/","og_locale":"en_GB","og_type":"article","og_title":"Gira de Voluntarios en Cusco, Arequipa y Lima: as\u00ed crece el voluntariado por el bienestar animal\u00a0en el Per\u00fa - Compromiso Verde","og_description":"Compromiso Verde","og_url":"https:\/\/compromisoverde.org\/en\/2026\/07\/gira-de-voluntarios-en-cusco-arequipa-y-lima-asi-crece-el-voluntariado-por-el-bienestar-animal\/","og_site_name":"Compromiso Verde","article_publisher":"https:\/\/www.facebook.com\/profile.php?id=100092195840988","article_published_time":"2026-07-21T19:58:09+00:00","article_modified_time":"2026-07-21T20:00:34+00:00","og_image":[{"width":2048,"height":1365,"url":"https:\/\/compromisoverde.org\/wp-content\/uploads\/2026\/07\/image-2.avif","type":"image\/jpeg"}],"author":"Compromiso Verde","twitter_card":"summary_large_image","twitter_misc":{"Written by":"Compromiso Verde","Estimated reading time":"3 minutes"},"schema":{"@context":"https:\/\/schema.org","@graph":[{"@type":"Article","@id":"https:\/\/compromisoverde.org\/2026\/07\/gira-de-voluntarios-en-cusco-arequipa-y-lima-asi-crece-el-voluntariado-por-el-bienestar-animal\/#article","isPartOf":{"@id":"https:\/\/compromisoverde.org\/2026\/07\/gira-de-voluntarios-en-cusco-arequipa-y-lima-asi-crece-el-voluntariado-por-el-bienestar-animal\/"},"author":{"name":"Compromiso Verde","@id":"https:\/\/compromisoverde.org\/#\/schema\/person\/79f9d7d66d51a64ea57882a706b8251e"},"headline":"Gira de Voluntarios en Cusco, Arequipa y Lima: as\u00ed crece el voluntariado por el bienestar animal\u00a0en el Per\u00fa","datePublished":"2026-07-21T19:58:09+00:00","dateModified":"2026-07-21T20:00:34+00:00","mainEntityOfPage":{"@id":"https:\/\/compromisoverde.org\/2026\/07\/gira-de-voluntarios-en-cusco-arequipa-y-lima-asi-crece-el-voluntariado-por-el-bienestar-animal\/"},"wordCount":487,"publisher":{"@id":"https:\/\/compromisoverde.org\/#organization"},"image":{"@id":"https:\/\/compromisoverde.org\/2026\/07\/gira-de-voluntarios-en-cusco-arequipa-y-lima-asi-crece-el-voluntariado-por-el-bienestar-animal\/#primaryimage"},"thumbnailUrl":"https:\/\/compromisoverde.org\/wp-content\/uploads\/2026\/07\/image-2.avif","keywords":["Jaulas Abiertas"],"articleSection":["Voluntarios"],"inLanguage":"en-GB"},{"@type":"WebPage","@id":"https:\/\/compromisoverde.org\/2026\/07\/gira-de-voluntarios-en-cusco-arequipa-y-lima-asi-crece-el-voluntariado-por-el-bienestar-animal\/","url":"https:\/\/compromisoverde.org\/2026\/07\/gira-de-voluntarios-en-cusco-arequipa-y-lima-asi-crece-el-voluntariado-por-el-bienestar-animal\/","name":"Gira de Voluntarios en Cusco, Arequipa y Lima: as\u00ed crece el voluntariado por el bienestar animal\u00a0en el Per\u00fa - Compromiso Verde","isPartOf":{"@id":"https:\/\/compromisoverde.org\/#website"},"primaryImageOfPage":{"@id":"https:\/\/compromisoverde.org\/2026\/07\/gira-de-voluntarios-en-cusco-arequipa-y-lima-asi-crece-el-voluntariado-por-el-bienestar-animal\/#primaryimage"},"image":{"@id":"https:\/\/compromisoverde.org\/2026\/07\/gira-de-voluntarios-en-cusco-arequipa-y-lima-asi-crece-el-voluntariado-por-el-bienestar-animal\/#primaryimage"},"thumbnailUrl":"https:\/\/compromisoverde.org\/wp-content\/uploads\/2026\/07\/image-2.avif","datePublished":"2026-07-21T19:58:09+00:00","dateModified":"2026-07-21T20:00:34+00:00","description":"Green Commitment","breadcrumb":{"@id":"https:\/\/compromisoverde.org\/2026\/07\/gira-de-voluntarios-en-cusco-arequipa-y-lima-asi-crece-el-voluntariado-por-el-bienestar-animal\/#breadcrumb"},"inLanguage":"en-GB","potentialAction":[{"@type":"ReadAction","target":["https:\/\/compromisoverde.org\/2026\/07\/gira-de-voluntarios-en-cusco-arequipa-y-lima-asi-crece-el-voluntariado-por-el-bienestar-animal\/"]}]},{"@type":"ImageObject","inLanguage":"en-GB","@id":"https:\/\/compromisoverde.org\/2026\/07\/gira-de-voluntarios-en-cusco-arequipa-y-lima-asi-crece-el-voluntariado-por-el-bienestar-animal\/#primaryimage","url":"https:\/\/compromisoverde.org\/wp-content\/uploads\/2026\/07\/image-2.avif","contentUrl":"https:\/\/compromisoverde.org\/wp-content\/uploads\/2026\/07\/image-2.avif","width":2048,"height":1365,"caption":"Arequipa Voluntarios Jaulas Abiertas"},{"@type":"BreadcrumbList","@id":"https:\/\/compromisoverde.org\/2026\/07\/gira-de-voluntarios-en-cusco-arequipa-y-lima-asi-crece-el-voluntariado-por-el-bienestar-animal\/#breadcrumb","itemListElement":[{"@type":"ListItem","position":1,"name":"In\u00edcio","item":"https:\/\/compromisoverde.org\/"},{"@type":"ListItem","position":2,"name":"Gira de Voluntarios en Cusco, Arequipa y Lima: as\u00ed crece el voluntariado por el bienestar animal\u00a0en el Per\u00fa"}]},{"@type":"WebSite","@id":"https:\/\/compromisoverde.org\/#website","url":"https:\/\/compromisoverde.org\/","name":"Green Commitment","description":"Green Commitment","publisher":{"@id":"https:\/\/compromisoverde.org\/#organization"},"potentialAction":[{"@type":"SearchAction","target":{"@type":"EntryPoint","urlTemplate":"https:\/\/compromisoverde.org\/?s={search_term_string}"},"query-input":{"@type":"PropertyValueSpecification","valueRequired":true,"valueName":"search_term_string"}}],"inLanguage":"en-GB"},{"@type":"Organization","@id":"https:\/\/compromisoverde.org\/#organization","name":"Green Commitment","url":"https:\/\/compromisoverde.org\/","logo":{"@type":"ImageObject","inLanguage":"en-GB","@id":"https:\/\/compromisoverde.org\/#\/schema\/logo\/image\/","url":"https:\/\/compromisoverde.org\/wp-content\/uploads\/2022\/10\/logo-V-para-fundo-branco.png","contentUrl":"https:\/\/compromisoverde.org\/wp-content\/uploads\/2022\/10\/logo-V-para-fundo-branco.png","width":900,"height":278,"caption":"Compromiso Verde"},"image":{"@id":"https:\/\/compromisoverde.org\/#\/schema\/logo\/image\/"},"sameAs":["https:\/\/www.facebook.com\/profile.php?id=100092195840988","https:\/\/www.linkedin.com\/company\/compromisoverde\/","https:\/\/www.instagram.com\/compromisoverde.ong\/"]},{"@type":"Person","@id":"https:\/\/compromisoverde.org\/#\/schema\/person\/79f9d7d66d51a64ea57882a706b8251e","name":"Green Commitment","url":"https:\/\/compromisoverde.org\/en\/author\/sandracompromisoverde-org\/"}]}},"_links":{"self":[{"href":"https:\/\/compromisoverde.org\/en\/wp-json\/wp\/v2\/posts\/11383","targetHints":{"allow":["GET"]}}],"collection":[{"href":"https:\/\/compromisoverde.org\/en\/wp-json\/wp\/v2\/posts"}],"about":[{"href":"https:\/\/compromisoverde.org\/en\/wp-json\/wp\/v2\/types\/post"}],"author":[{"embeddable":true,"href":"https:\/\/compromisoverde.org\/en\/wp-json\/wp\/v2\/users\/50"}],"replies":[{"embeddable":true,"href":"https:\/\/compromisoverde.org\/en\/wp-json\/wp\/v2\/comments?post=11383"}],"version-history":[{"count":2,"href":"https:\/\/compromisoverde.org\/en\/wp-json\/wp\/v2\/posts\/11383\/revisions"}],"predecessor-version":[{"id":11388,"href":"https:\/\/compromisoverde.org\/en\/wp-json\/wp\/v2\/posts\/11383\/revisions\/11388"}],"wp:featuredmedia":[{"embeddable":true,"href":"https:\/\/compromisoverde.org\/en\/wp-json\/wp\/v2\/media\/11386"}],"wp:attachment":[{"href":"https:\/\/compromisoverde.org\/en\/wp-json\/wp\/v2\/media?parent=11383"}],"wp:term":[{"taxonomy":"category","embeddable":true,"href":"https:\/\/compromisoverde.org\/en\/wp-json\/wp\/v2\/categories?post=11383"},{"taxonomy":"post_tag","embeddable":true,"href":"https:\/\/compromisoverde.org\/en\/wp-json\/wp\/v2\/tags?post=11383"},{"taxonomy":"post_folder","embeddable":true,"href":"https:\/\/compromisoverde.org\/en\/wp-json\/wp\/v2\/post_folder?post=11383"}],"curies":[{"name":"wp","href":"https:\/\/api.w.org\/{rel}","templated":true}]}}