{"id":11034,"date":"2026-06-04T10:59:34","date_gmt":"2026-06-04T15:59:34","guid":{"rendered":"https:\/\/compromisoverde.org\/?p=11034"},"modified":"2026-06-07T11:16:34","modified_gmt":"2026-06-07T16:16:34","slug":"sabias-que-el-antibiotico-que-necesitas-podria-no-funcionar-por-culpa-de-la-industria-avicola","status":"publish","type":"post","link":"https:\/\/compromisoverde.org\/en\/2026\/06\/sabias-que-el-antibiotico-que-necesitas-podria-no-funcionar-por-culpa-de-la-industria-avicola\/","title":{"rendered":"\u00bfSab\u00edas que el antibi\u00f3tico que necesitas podr\u00eda no funcionar por culpa de la industria av\u00edcola?"},"content":{"rendered":"<figure class=\"wp-block-image size-large\"><img data-dominant-color=\"5f554f\" data-has-transparency=\"false\" style=\"--dominant-color: #5f554f;\" fetchpriority=\"high\" decoding=\"async\" width=\"1024\" height=\"683\" sizes=\"(max-width: 1024px) 100vw, 1024px\" src=\"https:\/\/compromisoverde.org\/wp-content\/uploads\/2026\/06\/Gallinas-enjauladas-Peru-antibioticos-1024x683.avif\" alt=\"Gallinas enjauladas Peru\u0301 antibioticos\" class=\"wp-image-11035 not-transparent\" srcset=\"https:\/\/compromisoverde.org\/wp-content\/uploads\/2026\/06\/Gallinas-enjauladas-Peru-antibioticos-1024x683.avif 1024w, https:\/\/compromisoverde.org\/wp-content\/uploads\/2026\/06\/Gallinas-enjauladas-Peru-antibioticos-300x200.avif 300w, https:\/\/compromisoverde.org\/wp-content\/uploads\/2026\/06\/Gallinas-enjauladas-Peru-antibioticos-768x512.avif 768w, https:\/\/compromisoverde.org\/wp-content\/uploads\/2026\/06\/Gallinas-enjauladas-Peru-antibioticos-1536x1024.avif 1536w, https:\/\/compromisoverde.org\/wp-content\/uploads\/2026\/06\/Gallinas-enjauladas-Peru-antibioticos-2048x1365.avif 2048w\" \/><\/figure>\n\n\n\n<p class=\"wp-block-paragraph\">Cada a\u00f1o, m\u00e1s de un mill\u00f3n de personas mueren en el mundo por infecciones que ya no responden a los antibi\u00f3ticos. La Organizaci\u00f3n Mundial de la Salud ya lo clasific\u00f3 como <strong>una de las diez principales amenazas para la salud p\u00fablica mundial<\/strong>. Detr\u00e1s de esta crisis sanitaria hay un factor poco visibilizado: el uso masivo de antibi\u00f3ticos en las granjas industriales, particularmente en la producci\u00f3n av\u00edcola.<\/p>\n\n\n\n<p class=\"wp-block-paragraph\">As\u00ed lo advierte <strong>Miriam Mart\u00ednez, Directora de Bienestar Animal en el Observatorio de Bienestar Animal<\/strong>, en el tercer episodio de <strong>PROBA<\/strong>, el podcast latinoamericano de Compromiso Verde dedicado a la protecci\u00f3n animal.<\/p>\n\n\n\n<p class=\"wp-block-paragraph\"><strong>Escucha el episodio completo aqu\u00ed: <\/strong><a href=\"https:\/\/open.spotify.com\/show\/0G07XUFJ10QSsQXDvRzMm5?si=aoFyU4QcRhefAxBoKBYLPA\">Spotify<\/a> \u00b7 <a href=\"https:\/\/podcasts.apple.com\/pe\/podcast\/proba-promoviendo-el-bienestar-animal\/id1896599157\">Apple Podcasts<\/a> \u00b7 <a href=\"https:\/\/youtube.com\/playlist?list=PLFxy8VSKGkVElrRs3pjR2CWDwW0YdgSzv&amp;si=Rc7sm9yLpqf7lNbE\">YouTube Music<\/a><\/p>\n\n\n\n<h2 class=\"wp-block-heading\">Una pandemia silenciosa<\/h2>\n\n\n\n<p class=\"wp-block-paragraph\"><em>&#8220;Las bacterias son resistentes a los antibi\u00f3ticos porque estos han sido administrados de forma masiva a los animales en las granjas. Por eso, el antibi\u00f3tico ya no nos hace efecto a nosotras. Esta es una de las pandemias silenciadas en temas de salud humana, porque est\u00e1n muriendo millones de personas debido a la resistencia a los antibi\u00f3ticos, ya que no existen antibi\u00f3ticos capaces de eliminar las bacterias que nos est\u00e1n afectando&#8221;<\/em>, explica la especialista durante la conversaci\u00f3n.<\/p>\n\n\n\n<p class=\"wp-block-paragraph\">La administraci\u00f3n rutinaria de antibi\u00f3ticos en la industria av\u00edcola, no solo para tratar enfermedades, sino para prevenirlas y mantener la productividad en condiciones de hacinamiento, ha generado un escenario en el que las bacterias evolucionan m\u00e1s r\u00e1pido que los tratamientos disponibles. Estas bacterias resistentes pueden trasladarse a humanos a trav\u00e9s de los alimentos, el agua o el contacto directo, comprometiendo la efectividad de antibi\u00f3ticos esenciales en medicina humana.<\/p>\n\n\n\n<h2 class=\"wp-block-heading\">Salud p\u00fablica y bienestar animal: un mismo problema<\/h2>\n\n\n\n<p class=\"wp-block-paragraph\">Para Mart\u00ednez, abordar la resistencia antimicrobiana requiere repensar tambi\u00e9n las condiciones en las que se cr\u00eda a las gallinas ponedoras destinadas a la producci\u00f3n de huevos. En los sistemas de jaulas industriales, donde las gallinas viven hacinadas, sin posibilidad de extender las alas y bajo altos niveles de estr\u00e9s, los antibi\u00f3ticos se vuelven una herramienta rutinaria para evitar las enfermedades que el propio sistema genera.<\/p>\n\n\n\n<p class=\"wp-block-paragraph\"><strong><em>&#8220;Lo que pasa en las granjas no se queda en las granjas&#8221;<\/em><\/strong>, resume el episodio. La conversaci\u00f3n plantea que mejorar el bienestar animal, migrar a sistemas libres de jaulas (cage-free), reducir la densidad de animales, mejorar las condiciones de cr\u00eda, no es solo una cuesti\u00f3n \u00e9tica, sino una <strong>medida concreta de salud p\u00fablica<\/strong>: reducir la dependencia de antibi\u00f3ticos en la producci\u00f3n av\u00edcola disminuye la presi\u00f3n que acelera la resistencia bacteriana en humanos.<\/p>\n\n\n\n<h2 class=\"wp-block-heading\">Sobre PROBA<\/h2>\n\n\n\n<figure class=\"wp-block-image size-large\"><img data-dominant-color=\"423e1e\" data-has-transparency=\"false\" style=\"--dominant-color: #423e1e;\" decoding=\"async\" width=\"1024\" height=\"576\" sizes=\"(max-width: 1024px) 100vw, 1024px\" src=\"https:\/\/compromisoverde.org\/wp-content\/uploads\/2026\/06\/Episodio-3-PRoba-Miriam-Martinez-1024x576.avif\" alt=\"Episodio 3 PRoba - Miriam Martinez\" class=\"wp-image-11036 not-transparent\" srcset=\"https:\/\/compromisoverde.org\/wp-content\/uploads\/2026\/06\/Episodio-3-PRoba-Miriam-Martinez-1024x576.avif 1024w, https:\/\/compromisoverde.org\/wp-content\/uploads\/2026\/06\/Episodio-3-PRoba-Miriam-Martinez-300x169.avif 300w, https:\/\/compromisoverde.org\/wp-content\/uploads\/2026\/06\/Episodio-3-PRoba-Miriam-Martinez-768x432.avif 768w, https:\/\/compromisoverde.org\/wp-content\/uploads\/2026\/06\/Episodio-3-PRoba-Miriam-Martinez-1536x864.avif 1536w, https:\/\/compromisoverde.org\/wp-content\/uploads\/2026\/06\/Episodio-3-PRoba-Miriam-Martinez.avif 1672w\" \/><\/figure>\n\n\n\n<p class=\"wp-block-paragraph\">PROBA es un podcast producido por <strong>Green Commitment<\/strong>, organizaci\u00f3n dedicada a la transformaci\u00f3n del sistema alimentario y al bienestar animal en la regi\u00f3n. Conducido por <strong>Sandra Lopes<\/strong>, abogada con m\u00e1s de 20 a\u00f1os dedicados a la defensa animal, y <strong>Pamela Pacheco<\/strong>, comunicadora y activista por los derechos de los animales, el podcast estrena un nuevo episodio todos los martes.<\/p>\n\n\n\n<p class=\"wp-block-paragraph\">Con tres episodios ya disponibles, PROBA ha abordado la profesionalizaci\u00f3n del movimiento de protecci\u00f3n animal en la regi\u00f3n (con Iris Herrera, referente peruana del activismo animalista), los compromisos corporativos para eliminar pr\u00e1cticas crueles de las cadenas de suministro (con Catalina Casta\u00f1o, especialista en compromisos cage-free de Sinergia Animal), y ahora, en su tercer episodio, la resistencia antimicrobiana como crisis de salud p\u00fablica (con Miriam Mart\u00ednez, del Observatorio de Bienestar Animal).<a href=\"https:\/\/open.spotify.com\/show\/0G07XUFJ10QSsQXDvRzMm5?si=aoFyU4QcRhefAxBoKBYLPA\">Escucha PROBA en Spotify<\/a>&nbsp; \u00b7&nbsp; <a href=\"https:\/\/podcasts.apple.com\/pe\/podcast\/proba-promoviendo-el-bienestar-animal\/id1896599157\">Esc\u00fachalo en Apple Podcasts<\/a>&nbsp; \u00b7&nbsp; <a href=\"https:\/\/youtube.com\/playlist?list=PLFxy8VSKGkVElrRs3pjR2CWDwW0YdgSzv&amp;si=Rc7sm9yLpqf7lNbE\">M\u00edralo en YouTube Music<\/a><\/p>","protected":false},"excerpt":{"rendered":"<p>Cada a\u00f1o, m\u00e1s de un mill\u00f3n de personas mueren en el mundo por infecciones que ya no responden a los antibi\u00f3ticos. La Organizaci\u00f3n Mundial de la Salud ya lo clasific\u00f3 como una de las diez principales amenazas para la salud p\u00fablica mundial. Detr\u00e1s de esta crisis sanitaria hay un factor poco visibilizado: el uso masivo [&hellip;]<\/p>\n","protected":false},"author":50,"featured_media":11036,"comment_status":"closed","ping_status":"open","sticky":false,"template":"","format":"standard","meta":{"footnotes":"","_links_to":"","_links_to_target":""},"categories":[20],"tags":[21],"post_folder":[],"class_list":["post-11034","post","type-post","status-publish","format-standard","has-post-thumbnail","hentry","category-sostenibilidad","tag-eventos"],"yoast_head":"<!-- This site is optimized with the Yoast SEO plugin v28.4 - https:\/\/yoast.com\/product\/yoast-seo-wordpress\/ -->\n<title>\u00bfSab\u00edas que el antibi\u00f3tico que necesitas podr\u00eda no funcionar por culpa de la industria av\u00edcola? - Compromiso Verde<\/title>\n<meta name=\"description\" content=\"Compromiso Verde\" \/>\n<meta name=\"robots\" content=\"index, follow, max-snippet:-1, max-image-preview:large, max-video-preview:-1\" \/>\n<link rel=\"canonical\" href=\"https:\/\/compromisoverde.org\/en\/2026\/06\/sabias-que-el-antibiotico-que-necesitas-podria-no-funcionar-por-culpa-de-la-industria-avicola\/\" \/>\n<meta property=\"og:locale\" content=\"en_GB\" \/>\n<meta property=\"og:type\" content=\"article\" \/>\n<meta property=\"og:title\" content=\"\u00bfSab\u00edas que el antibi\u00f3tico que necesitas podr\u00eda no funcionar por culpa de la industria av\u00edcola? - Compromiso Verde\" \/>\n<meta property=\"og:description\" content=\"Compromiso Verde\" \/>\n<meta property=\"og:url\" content=\"https:\/\/compromisoverde.org\/en\/2026\/06\/sabias-que-el-antibiotico-que-necesitas-podria-no-funcionar-por-culpa-de-la-industria-avicola\/\" \/>\n<meta property=\"og:site_name\" content=\"Compromiso Verde\" \/>\n<meta property=\"article:publisher\" content=\"https:\/\/www.facebook.com\/profile.php?id=100092195840988\" \/>\n<meta property=\"article:published_time\" content=\"2026-06-04T15:59:34+00:00\" \/>\n<meta property=\"article:modified_time\" content=\"2026-06-07T16:16:34+00:00\" \/>\n<meta property=\"og:image\" content=\"https:\/\/compromisoverde.org\/wp-content\/uploads\/2026\/06\/Episodio-3-PRoba-Miriam-Martinez.avif\" \/>\n\t<meta property=\"og:image:width\" content=\"1672\" \/>\n\t<meta property=\"og:image:height\" content=\"941\" \/>\n\t<meta property=\"og:image:type\" content=\"image\/png\" \/>\n<meta name=\"author\" content=\"Compromiso Verde\" \/>\n<meta name=\"twitter:card\" content=\"summary_large_image\" \/>\n<meta name=\"twitter:label1\" content=\"Written by\" \/>\n\t<meta name=\"twitter:data1\" content=\"Compromiso Verde\" \/>\n\t<meta name=\"twitter:label2\" content=\"Estimated reading time\" \/>\n\t<meta name=\"twitter:data2\" content=\"4 minutes\" \/>\n<script type=\"application\/ld+json\" class=\"yoast-schema-graph\">{\"@context\":\"https:\\\/\\\/schema.org\",\"@graph\":[{\"@type\":\"Article\",\"@id\":\"https:\\\/\\\/compromisoverde.org\\\/2026\\\/06\\\/sabias-que-el-antibiotico-que-necesitas-podria-no-funcionar-por-culpa-de-la-industria-avicola\\\/#article\",\"isPartOf\":{\"@id\":\"https:\\\/\\\/compromisoverde.org\\\/2026\\\/06\\\/sabias-que-el-antibiotico-que-necesitas-podria-no-funcionar-por-culpa-de-la-industria-avicola\\\/\"},\"author\":{\"name\":\"Compromiso Verde\",\"@id\":\"https:\\\/\\\/compromisoverde.org\\\/#\\\/schema\\\/person\\\/79f9d7d66d51a64ea57882a706b8251e\"},\"headline\":\"\u00bfSab\u00edas que el antibi\u00f3tico que necesitas podr\u00eda no funcionar por culpa de la industria av\u00edcola?\",\"datePublished\":\"2026-06-04T15:59:34+00:00\",\"dateModified\":\"2026-06-07T16:16:34+00:00\",\"mainEntityOfPage\":{\"@id\":\"https:\\\/\\\/compromisoverde.org\\\/2026\\\/06\\\/sabias-que-el-antibiotico-que-necesitas-podria-no-funcionar-por-culpa-de-la-industria-avicola\\\/\"},\"wordCount\":621,\"publisher\":{\"@id\":\"https:\\\/\\\/compromisoverde.org\\\/#organization\"},\"image\":{\"@id\":\"https:\\\/\\\/compromisoverde.org\\\/2026\\\/06\\\/sabias-que-el-antibiotico-que-necesitas-podria-no-funcionar-por-culpa-de-la-industria-avicola\\\/#primaryimage\"},\"thumbnailUrl\":\"https:\\\/\\\/compromisoverde.org\\\/wp-content\\\/uploads\\\/2026\\\/06\\\/Episodio-3-PRoba-Miriam-Martinez.avif\",\"keywords\":[\"Eventos\"],\"articleSection\":[\"Sostenibilidad\"],\"inLanguage\":\"en-GB\"},{\"@type\":\"WebPage\",\"@id\":\"https:\\\/\\\/compromisoverde.org\\\/2026\\\/06\\\/sabias-que-el-antibiotico-que-necesitas-podria-no-funcionar-por-culpa-de-la-industria-avicola\\\/\",\"url\":\"https:\\\/\\\/compromisoverde.org\\\/2026\\\/06\\\/sabias-que-el-antibiotico-que-necesitas-podria-no-funcionar-por-culpa-de-la-industria-avicola\\\/\",\"name\":\"\u00bfSab\u00edas que el antibi\u00f3tico que necesitas podr\u00eda no funcionar por culpa de la industria av\u00edcola? - Compromiso Verde\",\"isPartOf\":{\"@id\":\"https:\\\/\\\/compromisoverde.org\\\/#website\"},\"primaryImageOfPage\":{\"@id\":\"https:\\\/\\\/compromisoverde.org\\\/2026\\\/06\\\/sabias-que-el-antibiotico-que-necesitas-podria-no-funcionar-por-culpa-de-la-industria-avicola\\\/#primaryimage\"},\"image\":{\"@id\":\"https:\\\/\\\/compromisoverde.org\\\/2026\\\/06\\\/sabias-que-el-antibiotico-que-necesitas-podria-no-funcionar-por-culpa-de-la-industria-avicola\\\/#primaryimage\"},\"thumbnailUrl\":\"https:\\\/\\\/compromisoverde.org\\\/wp-content\\\/uploads\\\/2026\\\/06\\\/Episodio-3-PRoba-Miriam-Martinez.avif\",\"datePublished\":\"2026-06-04T15:59:34+00:00\",\"dateModified\":\"2026-06-07T16:16:34+00:00\",\"description\":\"Compromiso Verde\",\"breadcrumb\":{\"@id\":\"https:\\\/\\\/compromisoverde.org\\\/2026\\\/06\\\/sabias-que-el-antibiotico-que-necesitas-podria-no-funcionar-por-culpa-de-la-industria-avicola\\\/#breadcrumb\"},\"inLanguage\":\"en-GB\",\"potentialAction\":[{\"@type\":\"ReadAction\",\"target\":[\"https:\\\/\\\/compromisoverde.org\\\/2026\\\/06\\\/sabias-que-el-antibiotico-que-necesitas-podria-no-funcionar-por-culpa-de-la-industria-avicola\\\/\"]}]},{\"@type\":\"ImageObject\",\"inLanguage\":\"en-GB\",\"@id\":\"https:\\\/\\\/compromisoverde.org\\\/2026\\\/06\\\/sabias-que-el-antibiotico-que-necesitas-podria-no-funcionar-por-culpa-de-la-industria-avicola\\\/#primaryimage\",\"url\":\"https:\\\/\\\/compromisoverde.org\\\/wp-content\\\/uploads\\\/2026\\\/06\\\/Episodio-3-PRoba-Miriam-Martinez.avif\",\"contentUrl\":\"https:\\\/\\\/compromisoverde.org\\\/wp-content\\\/uploads\\\/2026\\\/06\\\/Episodio-3-PRoba-Miriam-Martinez.avif\",\"width\":1672,\"height\":941,\"caption\":\"Episodio 3 PRoba - Miriam Martinez\"},{\"@type\":\"BreadcrumbList\",\"@id\":\"https:\\\/\\\/compromisoverde.org\\\/2026\\\/06\\\/sabias-que-el-antibiotico-que-necesitas-podria-no-funcionar-por-culpa-de-la-industria-avicola\\\/#breadcrumb\",\"itemListElement\":[{\"@type\":\"ListItem\",\"position\":1,\"name\":\"In\u00edcio\",\"item\":\"https:\\\/\\\/compromisoverde.org\\\/\"},{\"@type\":\"ListItem\",\"position\":2,\"name\":\"\u00bfSab\u00edas que el antibi\u00f3tico que necesitas podr\u00eda no funcionar por culpa de la industria av\u00edcola?\"}]},{\"@type\":\"WebSite\",\"@id\":\"https:\\\/\\\/compromisoverde.org\\\/#website\",\"url\":\"https:\\\/\\\/compromisoverde.org\\\/\",\"name\":\"Compromiso Verde\",\"description\":\"Compromiso Verde\",\"publisher\":{\"@id\":\"https:\\\/\\\/compromisoverde.org\\\/#organization\"},\"potentialAction\":[{\"@type\":\"SearchAction\",\"target\":{\"@type\":\"EntryPoint\",\"urlTemplate\":\"https:\\\/\\\/compromisoverde.org\\\/?s={search_term_string}\"},\"query-input\":{\"@type\":\"PropertyValueSpecification\",\"valueRequired\":true,\"valueName\":\"search_term_string\"}}],\"inLanguage\":\"en-GB\"},{\"@type\":\"Organization\",\"@id\":\"https:\\\/\\\/compromisoverde.org\\\/#organization\",\"name\":\"Compromiso Verde\",\"url\":\"https:\\\/\\\/compromisoverde.org\\\/\",\"logo\":{\"@type\":\"ImageObject\",\"inLanguage\":\"en-GB\",\"@id\":\"https:\\\/\\\/compromisoverde.org\\\/#\\\/schema\\\/logo\\\/image\\\/\",\"url\":\"https:\\\/\\\/compromisoverde.org\\\/wp-content\\\/uploads\\\/2022\\\/10\\\/logo-V-para-fundo-branco.png\",\"contentUrl\":\"https:\\\/\\\/compromisoverde.org\\\/wp-content\\\/uploads\\\/2022\\\/10\\\/logo-V-para-fundo-branco.png\",\"width\":900,\"height\":278,\"caption\":\"Compromiso Verde\"},\"image\":{\"@id\":\"https:\\\/\\\/compromisoverde.org\\\/#\\\/schema\\\/logo\\\/image\\\/\"},\"sameAs\":[\"https:\\\/\\\/www.facebook.com\\\/profile.php?id=100092195840988\",\"https:\\\/\\\/www.linkedin.com\\\/company\\\/compromisoverde\\\/\",\"https:\\\/\\\/www.instagram.com\\\/compromisoverde.ong\\\/\"]},{\"@type\":\"Person\",\"@id\":\"https:\\\/\\\/compromisoverde.org\\\/#\\\/schema\\\/person\\\/79f9d7d66d51a64ea57882a706b8251e\",\"name\":\"Compromiso Verde\",\"url\":\"https:\\\/\\\/compromisoverde.org\\\/en\\\/author\\\/sandracompromisoverde-org\\\/\"}]}<\/script>\n<!-- \/ Yoast SEO plugin. -->","yoast_head_json":{"title":"\u00bfSab\u00edas que el antibi\u00f3tico que necesitas podr\u00eda no funcionar por culpa de la industria av\u00edcola? - Compromiso Verde","description":"Green Commitment","robots":{"index":"index","follow":"follow","max-snippet":"max-snippet:-1","max-image-preview":"max-image-preview:large","max-video-preview":"max-video-preview:-1"},"canonical":"https:\/\/compromisoverde.org\/en\/2026\/06\/sabias-que-el-antibiotico-que-necesitas-podria-no-funcionar-por-culpa-de-la-industria-avicola\/","og_locale":"en_GB","og_type":"article","og_title":"\u00bfSab\u00edas que el antibi\u00f3tico que necesitas podr\u00eda no funcionar por culpa de la industria av\u00edcola? - Compromiso Verde","og_description":"Compromiso Verde","og_url":"https:\/\/compromisoverde.org\/en\/2026\/06\/sabias-que-el-antibiotico-que-necesitas-podria-no-funcionar-por-culpa-de-la-industria-avicola\/","og_site_name":"Compromiso Verde","article_publisher":"https:\/\/www.facebook.com\/profile.php?id=100092195840988","article_published_time":"2026-06-04T15:59:34+00:00","article_modified_time":"2026-06-07T16:16:34+00:00","og_image":[{"width":1672,"height":941,"url":"https:\/\/compromisoverde.org\/wp-content\/uploads\/2026\/06\/Episodio-3-PRoba-Miriam-Martinez.avif","type":"image\/png"}],"author":"Compromiso Verde","twitter_card":"summary_large_image","twitter_misc":{"Written by":"Compromiso Verde","Estimated reading time":"4 minutes"},"schema":{"@context":"https:\/\/schema.org","@graph":[{"@type":"Article","@id":"https:\/\/compromisoverde.org\/2026\/06\/sabias-que-el-antibiotico-que-necesitas-podria-no-funcionar-por-culpa-de-la-industria-avicola\/#article","isPartOf":{"@id":"https:\/\/compromisoverde.org\/2026\/06\/sabias-que-el-antibiotico-que-necesitas-podria-no-funcionar-por-culpa-de-la-industria-avicola\/"},"author":{"name":"Compromiso Verde","@id":"https:\/\/compromisoverde.org\/#\/schema\/person\/79f9d7d66d51a64ea57882a706b8251e"},"headline":"\u00bfSab\u00edas que el antibi\u00f3tico que necesitas podr\u00eda no funcionar por culpa de la industria av\u00edcola?","datePublished":"2026-06-04T15:59:34+00:00","dateModified":"2026-06-07T16:16:34+00:00","mainEntityOfPage":{"@id":"https:\/\/compromisoverde.org\/2026\/06\/sabias-que-el-antibiotico-que-necesitas-podria-no-funcionar-por-culpa-de-la-industria-avicola\/"},"wordCount":621,"publisher":{"@id":"https:\/\/compromisoverde.org\/#organization"},"image":{"@id":"https:\/\/compromisoverde.org\/2026\/06\/sabias-que-el-antibiotico-que-necesitas-podria-no-funcionar-por-culpa-de-la-industria-avicola\/#primaryimage"},"thumbnailUrl":"https:\/\/compromisoverde.org\/wp-content\/uploads\/2026\/06\/Episodio-3-PRoba-Miriam-Martinez.avif","keywords":["Eventos"],"articleSection":["Sostenibilidad"],"inLanguage":"en-GB"},{"@type":"WebPage","@id":"https:\/\/compromisoverde.org\/2026\/06\/sabias-que-el-antibiotico-que-necesitas-podria-no-funcionar-por-culpa-de-la-industria-avicola\/","url":"https:\/\/compromisoverde.org\/2026\/06\/sabias-que-el-antibiotico-que-necesitas-podria-no-funcionar-por-culpa-de-la-industria-avicola\/","name":"\u00bfSab\u00edas que el antibi\u00f3tico que necesitas podr\u00eda no funcionar por culpa de la industria av\u00edcola? - Compromiso Verde","isPartOf":{"@id":"https:\/\/compromisoverde.org\/#website"},"primaryImageOfPage":{"@id":"https:\/\/compromisoverde.org\/2026\/06\/sabias-que-el-antibiotico-que-necesitas-podria-no-funcionar-por-culpa-de-la-industria-avicola\/#primaryimage"},"image":{"@id":"https:\/\/compromisoverde.org\/2026\/06\/sabias-que-el-antibiotico-que-necesitas-podria-no-funcionar-por-culpa-de-la-industria-avicola\/#primaryimage"},"thumbnailUrl":"https:\/\/compromisoverde.org\/wp-content\/uploads\/2026\/06\/Episodio-3-PRoba-Miriam-Martinez.avif","datePublished":"2026-06-04T15:59:34+00:00","dateModified":"2026-06-07T16:16:34+00:00","description":"Green Commitment","breadcrumb":{"@id":"https:\/\/compromisoverde.org\/2026\/06\/sabias-que-el-antibiotico-que-necesitas-podria-no-funcionar-por-culpa-de-la-industria-avicola\/#breadcrumb"},"inLanguage":"en-GB","potentialAction":[{"@type":"ReadAction","target":["https:\/\/compromisoverde.org\/2026\/06\/sabias-que-el-antibiotico-que-necesitas-podria-no-funcionar-por-culpa-de-la-industria-avicola\/"]}]},{"@type":"ImageObject","inLanguage":"en-GB","@id":"https:\/\/compromisoverde.org\/2026\/06\/sabias-que-el-antibiotico-que-necesitas-podria-no-funcionar-por-culpa-de-la-industria-avicola\/#primaryimage","url":"https:\/\/compromisoverde.org\/wp-content\/uploads\/2026\/06\/Episodio-3-PRoba-Miriam-Martinez.avif","contentUrl":"https:\/\/compromisoverde.org\/wp-content\/uploads\/2026\/06\/Episodio-3-PRoba-Miriam-Martinez.avif","width":1672,"height":941,"caption":"Episodio 3 PRoba - Miriam Martinez"},{"@type":"BreadcrumbList","@id":"https:\/\/compromisoverde.org\/2026\/06\/sabias-que-el-antibiotico-que-necesitas-podria-no-funcionar-por-culpa-de-la-industria-avicola\/#breadcrumb","itemListElement":[{"@type":"ListItem","position":1,"name":"In\u00edcio","item":"https:\/\/compromisoverde.org\/"},{"@type":"ListItem","position":2,"name":"\u00bfSab\u00edas que el antibi\u00f3tico que necesitas podr\u00eda no funcionar por culpa de la industria av\u00edcola?"}]},{"@type":"WebSite","@id":"https:\/\/compromisoverde.org\/#website","url":"https:\/\/compromisoverde.org\/","name":"Green Commitment","description":"Green Commitment","publisher":{"@id":"https:\/\/compromisoverde.org\/#organization"},"potentialAction":[{"@type":"SearchAction","target":{"@type":"EntryPoint","urlTemplate":"https:\/\/compromisoverde.org\/?s={search_term_string}"},"query-input":{"@type":"PropertyValueSpecification","valueRequired":true,"valueName":"search_term_string"}}],"inLanguage":"en-GB"},{"@type":"Organization","@id":"https:\/\/compromisoverde.org\/#organization","name":"Green Commitment","url":"https:\/\/compromisoverde.org\/","logo":{"@type":"ImageObject","inLanguage":"en-GB","@id":"https:\/\/compromisoverde.org\/#\/schema\/logo\/image\/","url":"https:\/\/compromisoverde.org\/wp-content\/uploads\/2022\/10\/logo-V-para-fundo-branco.png","contentUrl":"https:\/\/compromisoverde.org\/wp-content\/uploads\/2022\/10\/logo-V-para-fundo-branco.png","width":900,"height":278,"caption":"Compromiso Verde"},"image":{"@id":"https:\/\/compromisoverde.org\/#\/schema\/logo\/image\/"},"sameAs":["https:\/\/www.facebook.com\/profile.php?id=100092195840988","https:\/\/www.linkedin.com\/company\/compromisoverde\/","https:\/\/www.instagram.com\/compromisoverde.ong\/"]},{"@type":"Person","@id":"https:\/\/compromisoverde.org\/#\/schema\/person\/79f9d7d66d51a64ea57882a706b8251e","name":"Green Commitment","url":"https:\/\/compromisoverde.org\/en\/author\/sandracompromisoverde-org\/"}]}},"_links":{"self":[{"href":"https:\/\/compromisoverde.org\/en\/wp-json\/wp\/v2\/posts\/11034","targetHints":{"allow":["GET"]}}],"collection":[{"href":"https:\/\/compromisoverde.org\/en\/wp-json\/wp\/v2\/posts"}],"about":[{"href":"https:\/\/compromisoverde.org\/en\/wp-json\/wp\/v2\/types\/post"}],"author":[{"embeddable":true,"href":"https:\/\/compromisoverde.org\/en\/wp-json\/wp\/v2\/users\/50"}],"replies":[{"embeddable":true,"href":"https:\/\/compromisoverde.org\/en\/wp-json\/wp\/v2\/comments?post=11034"}],"version-history":[{"count":1,"href":"https:\/\/compromisoverde.org\/en\/wp-json\/wp\/v2\/posts\/11034\/revisions"}],"predecessor-version":[{"id":11037,"href":"https:\/\/compromisoverde.org\/en\/wp-json\/wp\/v2\/posts\/11034\/revisions\/11037"}],"wp:featuredmedia":[{"embeddable":true,"href":"https:\/\/compromisoverde.org\/en\/wp-json\/wp\/v2\/media\/11036"}],"wp:attachment":[{"href":"https:\/\/compromisoverde.org\/en\/wp-json\/wp\/v2\/media?parent=11034"}],"wp:term":[{"taxonomy":"category","embeddable":true,"href":"https:\/\/compromisoverde.org\/en\/wp-json\/wp\/v2\/categories?post=11034"},{"taxonomy":"post_tag","embeddable":true,"href":"https:\/\/compromisoverde.org\/en\/wp-json\/wp\/v2\/tags?post=11034"},{"taxonomy":"post_folder","embeddable":true,"href":"https:\/\/compromisoverde.org\/en\/wp-json\/wp\/v2\/post_folder?post=11034"}],"curies":[{"name":"wp","href":"https:\/\/api.w.org\/{rel}","templated":true}]}}