{"id":10971,"date":"2026-05-13T15:52:35","date_gmt":"2026-05-13T20:52:35","guid":{"rendered":"https:\/\/compromisoverde.org\/?p=10971"},"modified":"2026-05-13T15:52:40","modified_gmt":"2026-05-13T20:52:40","slug":"mas-de-200-personas-se-sumaron-al-debate-sobre-bienestar-animal-en-nuestra-jornada-en-la-pucp","status":"publish","type":"post","link":"https:\/\/compromisoverde.org\/en\/2026\/05\/mas-de-200-personas-se-sumaron-al-debate-sobre-bienestar-animal-en-nuestra-jornada-en-la-pucp\/","title":{"rendered":"M\u00e1s de 200 personas se sumaron al debate sobre bienestar animal en nuestra jornada en la PUCP"},"content":{"rendered":"<figure class=\"wp-block-image size-large\"><img data-dominant-color=\"727b73\" data-has-transparency=\"false\" style=\"--dominant-color: #727b73;\" fetchpriority=\"high\" decoding=\"async\" width=\"1024\" height=\"768\" sizes=\"(max-width: 1024px) 100vw, 1024px\" src=\"https:\/\/compromisoverde.org\/wp-content\/uploads\/2026\/05\/Mas-de-200-personas-se-sumaron-al-debate-sobre-bienestar-animal-en-nuestra-jornada-en-la-PUCP-1024x768.avif\" alt=\"Ma\u0301s de 200 personas se sumaron al debate sobre bienestar animal en nuestra jornada en la PUCP\" class=\"wp-image-10973 not-transparent\" srcset=\"https:\/\/compromisoverde.org\/wp-content\/uploads\/2026\/05\/Mas-de-200-personas-se-sumaron-al-debate-sobre-bienestar-animal-en-nuestra-jornada-en-la-PUCP-1024x768.avif 1024w, https:\/\/compromisoverde.org\/wp-content\/uploads\/2026\/05\/Mas-de-200-personas-se-sumaron-al-debate-sobre-bienestar-animal-en-nuestra-jornada-en-la-PUCP-300x225.avif 300w, https:\/\/compromisoverde.org\/wp-content\/uploads\/2026\/05\/Mas-de-200-personas-se-sumaron-al-debate-sobre-bienestar-animal-en-nuestra-jornada-en-la-PUCP-768x576.avif 768w, https:\/\/compromisoverde.org\/wp-content\/uploads\/2026\/05\/Mas-de-200-personas-se-sumaron-al-debate-sobre-bienestar-animal-en-nuestra-jornada-en-la-PUCP-1536x1152.avif 1536w, https:\/\/compromisoverde.org\/wp-content\/uploads\/2026\/05\/Mas-de-200-personas-se-sumaron-al-debate-sobre-bienestar-animal-en-nuestra-jornada-en-la-PUCP.avif 1920w\" \/><\/figure>\n\n\n\n<p class=\"wp-block-paragraph\">El jueves 7 de mayo participamos en el espacio de <strong>Jueves Cultural<\/strong> de la Pontificia Universidad Cat\u00f3lica del Per\u00fa (PUCP), con un stand informativo que nos permiti\u00f3 acercar a la comunidad universitaria a dos frentes clave de nuestro trabajo: la incidencia legislativa contra las pr\u00e1cticas crueles de la industria av\u00edcola y la convocatoria al programa de voluntariado <strong>Open Cages<\/strong>. M\u00e1s de 200 personas, entre estudiantes y personal administrativo, se acercaron al stand a lo largo de las dos horas de actividad.<\/p>\n\n\n\n<p class=\"wp-block-paragraph\">La participaci\u00f3n se concret\u00f3 gracias a la coordinaci\u00f3n con la <strong>Oficina de Iniciativas Estudiantiles de la Direcci\u00f3n de Asuntos Estudiantiles (DAES)<\/strong>, que aprob\u00f3 el espacio dentro de la programaci\u00f3n cultural del campus. Los entornos universitarios son aliados estrat\u00e9gicos para nuestro trabajo: concentran a una poblaci\u00f3n joven, informada y con inter\u00e9s genuino por temas de bienestar animal, sostenibilidad y pol\u00edticas p\u00fablicas.<\/p>\n\n\n\n<h2 class=\"wp-block-heading\">Respaldo estudiantil al proyecto de ley contra la muda forzada<\/h2>\n\n\n\n<p class=\"wp-block-paragraph\">Uno de los ejes centrales de la jornada fue dar a conocer el<a href=\"https:\/\/compromisoverde.org\/en\/2026\/03\/proyecto-de-ley-busca-prohibir-la-muda-forzada-en-el-peru-asi-puedes-apoyarlo\/\"> Proyecto de Ley 13829\/2025-CR<\/a>, que busca promover buenas pr\u00e1cticas en la avicultura peruana y prohibir la muda forzada, una pr\u00e1ctica que reinicia el ciclo de postura de las gallinas mediante privaci\u00f3n de alimento u otros m\u00e9todos de estr\u00e9s.<\/p>\n\n\n\n<figure class=\"wp-block-image size-large\"><img data-dominant-color=\"808782\" data-has-transparency=\"false\" style=\"--dominant-color: #808782;\" decoding=\"async\" width=\"1024\" height=\"768\" sizes=\"(max-width: 1024px) 100vw, 1024px\" src=\"https:\/\/compromisoverde.org\/wp-content\/uploads\/2026\/05\/Mas-de-200-personas-se-sumaron-al-debate-sobre-bienestar-animal-en-nuestra-jornada-en-la-PUCP-peru-1024x768.avif\" alt=\"Ma\u0301s de 200 personas se sumaron al debate sobre bienestar animal en nuestra jornada en la PUCP peru\" class=\"wp-image-10972 not-transparent\" srcset=\"https:\/\/compromisoverde.org\/wp-content\/uploads\/2026\/05\/Mas-de-200-personas-se-sumaron-al-debate-sobre-bienestar-animal-en-nuestra-jornada-en-la-PUCP-peru-1024x768.avif 1024w, https:\/\/compromisoverde.org\/wp-content\/uploads\/2026\/05\/Mas-de-200-personas-se-sumaron-al-debate-sobre-bienestar-animal-en-nuestra-jornada-en-la-PUCP-peru-300x225.avif 300w, https:\/\/compromisoverde.org\/wp-content\/uploads\/2026\/05\/Mas-de-200-personas-se-sumaron-al-debate-sobre-bienestar-animal-en-nuestra-jornada-en-la-PUCP-peru-768x576.avif 768w, https:\/\/compromisoverde.org\/wp-content\/uploads\/2026\/05\/Mas-de-200-personas-se-sumaron-al-debate-sobre-bienestar-animal-en-nuestra-jornada-en-la-PUCP-peru-1536x1152.avif 1536w, https:\/\/compromisoverde.org\/wp-content\/uploads\/2026\/05\/Mas-de-200-personas-se-sumaron-al-debate-sobre-bienestar-animal-en-nuestra-jornada-en-la-PUCP-peru.avif 1920w\" \/><\/figure>\n\n\n\n<p class=\"wp-block-paragraph\">Quienes se acercaron al stand tuvieron la oportunidad de <strong>firmar la petici\u00f3n #NoALaMudaForzada en Change.org<\/strong> y de registrar opiniones favorables en el<a href=\"https:\/\/wb2server.congreso.gob.pe\/spley-portal\/#\/expediente\/2021\/13829\"> expediente del proyecto en el portal del Congreso de la Rep\u00fablica<\/a>, dos acciones concretas que fortalecen el respaldo ciudadano al proyecto durante su tr\u00e1mite legislativo.<\/p>\n\n\n\n<p class=\"wp-block-paragraph\">La jornada tambi\u00e9n nos permiti\u00f3 sumar nuevas personas al voluntariado de <strong>Open Cages<\/strong>, que articula a quienes quieren participar activamente en acciones por los animales explotados para la producci\u00f3n en el Per\u00fa. Varios estudiantes se inscribieron en el grupo de WhatsApp del programa, donde reciben informaci\u00f3n sobre pr\u00f3ximas actividades, capacitaciones y oportunidades de activismo por los animales.<\/p>\n\n\n\n<h2 class=\"wp-block-heading\">C\u00f3mo seguir apoyando<\/h2>\n\n\n\n<p class=\"wp-block-paragraph\">Nuestra presencia en la PUCP es parte de un esfuerzo m\u00e1s amplio por acercar el debate sobre <strong>bienestar animal en el Per\u00fa<\/strong> a m\u00e1s espacios y audiencias. El proyecto de ley contra la muda forzada sigue en discusi\u00f3n y, <strong>ahora, los animales necesitan tu ayuda<\/strong>: cada firma cuenta para mostrar el respaldo ciudadano que tiene la propuesta.<\/p>\n\n\n\n<p class=\"wp-block-paragraph\"><a href=\"https:\/\/www.change.org\/p\/noalamudaforzada-protejamos-a-las-gallinas-de-esta-crueldad\"><strong>Firma la petici\u00f3n #NoALaMudaForzada en Change.org<\/strong><\/a> y, si quieres ser parte activa del cambio,<a href=\"https:\/\/compromisoverde.org\/en\/voluntariado\/\"> <strong>s\u00famate al voluntariado Jaulas Abiertas aqu\u00ed<\/strong><\/a>.<\/p>\n\n\n\n<figure class=\"wp-block-image size-large\"><img data-dominant-color=\"7c7f73\" data-has-transparency=\"false\" style=\"--dominant-color: #7c7f73;\" decoding=\"async\" width=\"768\" height=\"1024\" sizes=\"(max-width: 768px) 100vw, 768px\" src=\"https:\/\/compromisoverde.org\/wp-content\/uploads\/2026\/05\/Mas-de-200-personas-se-sumaron-al-debate-sobre-bienestar-animal-en-nuestra-jornada-en-la-PUCP-Compromiso-Verde-768x1024.avif\" alt=\"Ma\u0301s de 200 personas se sumaron al debate sobre bienestar animal en nuestra jornada en la PUCP peru\" class=\"wp-image-10974 not-transparent\" srcset=\"https:\/\/compromisoverde.org\/wp-content\/uploads\/2026\/05\/Mas-de-200-personas-se-sumaron-al-debate-sobre-bienestar-animal-en-nuestra-jornada-en-la-PUCP-Compromiso-Verde-768x1024.avif 768w, https:\/\/compromisoverde.org\/wp-content\/uploads\/2026\/05\/Mas-de-200-personas-se-sumaron-al-debate-sobre-bienestar-animal-en-nuestra-jornada-en-la-PUCP-Compromiso-Verde-225x300.avif 225w, https:\/\/compromisoverde.org\/wp-content\/uploads\/2026\/05\/Mas-de-200-personas-se-sumaron-al-debate-sobre-bienestar-animal-en-nuestra-jornada-en-la-PUCP-Compromiso-Verde-1152x1536.avif 1152w, https:\/\/compromisoverde.org\/wp-content\/uploads\/2026\/05\/Mas-de-200-personas-se-sumaron-al-debate-sobre-bienestar-animal-en-nuestra-jornada-en-la-PUCP-Compromiso-Verde.avif 1440w\" \/><\/figure>","protected":false},"excerpt":{"rendered":"<p>El jueves 7 de mayo participamos en el espacio de Jueves Cultural de la Pontificia Universidad Cat\u00f3lica del Per\u00fa (PUCP), con un stand informativo que nos permiti\u00f3 acercar a la comunidad universitaria a dos frentes clave de nuestro trabajo: la incidencia legislativa contra las pr\u00e1cticas crueles de la industria av\u00edcola y la convocatoria al programa [&hellip;]<\/p>\n","protected":false},"author":50,"featured_media":10973,"comment_status":"closed","ping_status":"open","sticky":false,"template":"","format":"standard","meta":{"footnotes":"","_links_to":"","_links_to_target":""},"categories":[45],"tags":[279],"post_folder":[],"class_list":["post-10971","post","type-post","status-publish","format-standard","has-post-thumbnail","hentry","category-eventos","tag-legal"],"yoast_head":"<!-- This site is optimized with the Yoast SEO plugin v28.4 - https:\/\/yoast.com\/product\/yoast-seo-wordpress\/ -->\n<title>M\u00e1s de 200 personas se sumaron al debate sobre bienestar animal en nuestra jornada en la PUCP - Compromiso Verde<\/title>\n<meta name=\"description\" content=\"Compromiso Verde\" \/>\n<meta name=\"robots\" content=\"index, follow, max-snippet:-1, max-image-preview:large, max-video-preview:-1\" \/>\n<link rel=\"canonical\" href=\"https:\/\/compromisoverde.org\/en\/2026\/05\/mas-de-200-personas-se-sumaron-al-debate-sobre-bienestar-animal-en-nuestra-jornada-en-la-pucp\/\" \/>\n<meta property=\"og:locale\" content=\"en_GB\" \/>\n<meta property=\"og:type\" content=\"article\" \/>\n<meta property=\"og:title\" content=\"M\u00e1s de 200 personas se sumaron al debate sobre bienestar animal en nuestra jornada en la PUCP - Compromiso Verde\" \/>\n<meta property=\"og:description\" content=\"Compromiso Verde\" \/>\n<meta property=\"og:url\" content=\"https:\/\/compromisoverde.org\/en\/2026\/05\/mas-de-200-personas-se-sumaron-al-debate-sobre-bienestar-animal-en-nuestra-jornada-en-la-pucp\/\" \/>\n<meta property=\"og:site_name\" content=\"Compromiso Verde\" \/>\n<meta property=\"article:publisher\" content=\"https:\/\/www.facebook.com\/profile.php?id=100092195840988\" \/>\n<meta property=\"article:published_time\" content=\"2026-05-13T20:52:35+00:00\" \/>\n<meta property=\"article:modified_time\" content=\"2026-05-13T20:52:40+00:00\" \/>\n<meta property=\"og:image\" content=\"https:\/\/compromisoverde.org\/wp-content\/uploads\/2026\/05\/Mas-de-200-personas-se-sumaron-al-debate-sobre-bienestar-animal-en-nuestra-jornada-en-la-PUCP.avif\" \/>\n\t<meta property=\"og:image:width\" content=\"1920\" \/>\n\t<meta property=\"og:image:height\" content=\"1440\" \/>\n\t<meta property=\"og:image:type\" content=\"image\/jpeg\" \/>\n<meta name=\"author\" content=\"Compromiso Verde\" \/>\n<meta name=\"twitter:card\" content=\"summary_large_image\" \/>\n<meta name=\"twitter:label1\" content=\"Written by\" \/>\n\t<meta name=\"twitter:data1\" content=\"Compromiso Verde\" \/>\n\t<meta name=\"twitter:label2\" content=\"Estimated reading time\" \/>\n\t<meta name=\"twitter:data2\" content=\"3 minutes\" \/>\n<script type=\"application\/ld+json\" class=\"yoast-schema-graph\">{\"@context\":\"https:\\\/\\\/schema.org\",\"@graph\":[{\"@type\":\"Article\",\"@id\":\"https:\\\/\\\/compromisoverde.org\\\/2026\\\/05\\\/mas-de-200-personas-se-sumaron-al-debate-sobre-bienestar-animal-en-nuestra-jornada-en-la-pucp\\\/#article\",\"isPartOf\":{\"@id\":\"https:\\\/\\\/compromisoverde.org\\\/2026\\\/05\\\/mas-de-200-personas-se-sumaron-al-debate-sobre-bienestar-animal-en-nuestra-jornada-en-la-pucp\\\/\"},\"author\":{\"name\":\"Compromiso Verde\",\"@id\":\"https:\\\/\\\/compromisoverde.org\\\/#\\\/schema\\\/person\\\/79f9d7d66d51a64ea57882a706b8251e\"},\"headline\":\"M\u00e1s de 200 personas se sumaron al debate sobre bienestar animal en nuestra jornada en la PUCP\",\"datePublished\":\"2026-05-13T20:52:35+00:00\",\"dateModified\":\"2026-05-13T20:52:40+00:00\",\"mainEntityOfPage\":{\"@id\":\"https:\\\/\\\/compromisoverde.org\\\/2026\\\/05\\\/mas-de-200-personas-se-sumaron-al-debate-sobre-bienestar-animal-en-nuestra-jornada-en-la-pucp\\\/\"},\"wordCount\":434,\"publisher\":{\"@id\":\"https:\\\/\\\/compromisoverde.org\\\/#organization\"},\"image\":{\"@id\":\"https:\\\/\\\/compromisoverde.org\\\/2026\\\/05\\\/mas-de-200-personas-se-sumaron-al-debate-sobre-bienestar-animal-en-nuestra-jornada-en-la-pucp\\\/#primaryimage\"},\"thumbnailUrl\":\"https:\\\/\\\/compromisoverde.org\\\/wp-content\\\/uploads\\\/2026\\\/05\\\/Mas-de-200-personas-se-sumaron-al-debate-sobre-bienestar-animal-en-nuestra-jornada-en-la-PUCP.avif\",\"keywords\":[\"Legal\"],\"articleSection\":[\"Eventos\"],\"inLanguage\":\"en-GB\"},{\"@type\":\"WebPage\",\"@id\":\"https:\\\/\\\/compromisoverde.org\\\/2026\\\/05\\\/mas-de-200-personas-se-sumaron-al-debate-sobre-bienestar-animal-en-nuestra-jornada-en-la-pucp\\\/\",\"url\":\"https:\\\/\\\/compromisoverde.org\\\/2026\\\/05\\\/mas-de-200-personas-se-sumaron-al-debate-sobre-bienestar-animal-en-nuestra-jornada-en-la-pucp\\\/\",\"name\":\"M\u00e1s de 200 personas se sumaron al debate sobre bienestar animal en nuestra jornada en la PUCP - Compromiso Verde\",\"isPartOf\":{\"@id\":\"https:\\\/\\\/compromisoverde.org\\\/#website\"},\"primaryImageOfPage\":{\"@id\":\"https:\\\/\\\/compromisoverde.org\\\/2026\\\/05\\\/mas-de-200-personas-se-sumaron-al-debate-sobre-bienestar-animal-en-nuestra-jornada-en-la-pucp\\\/#primaryimage\"},\"image\":{\"@id\":\"https:\\\/\\\/compromisoverde.org\\\/2026\\\/05\\\/mas-de-200-personas-se-sumaron-al-debate-sobre-bienestar-animal-en-nuestra-jornada-en-la-pucp\\\/#primaryimage\"},\"thumbnailUrl\":\"https:\\\/\\\/compromisoverde.org\\\/wp-content\\\/uploads\\\/2026\\\/05\\\/Mas-de-200-personas-se-sumaron-al-debate-sobre-bienestar-animal-en-nuestra-jornada-en-la-PUCP.avif\",\"datePublished\":\"2026-05-13T20:52:35+00:00\",\"dateModified\":\"2026-05-13T20:52:40+00:00\",\"description\":\"Compromiso Verde\",\"breadcrumb\":{\"@id\":\"https:\\\/\\\/compromisoverde.org\\\/2026\\\/05\\\/mas-de-200-personas-se-sumaron-al-debate-sobre-bienestar-animal-en-nuestra-jornada-en-la-pucp\\\/#breadcrumb\"},\"inLanguage\":\"en-GB\",\"potentialAction\":[{\"@type\":\"ReadAction\",\"target\":[\"https:\\\/\\\/compromisoverde.org\\\/2026\\\/05\\\/mas-de-200-personas-se-sumaron-al-debate-sobre-bienestar-animal-en-nuestra-jornada-en-la-pucp\\\/\"]}]},{\"@type\":\"ImageObject\",\"inLanguage\":\"en-GB\",\"@id\":\"https:\\\/\\\/compromisoverde.org\\\/2026\\\/05\\\/mas-de-200-personas-se-sumaron-al-debate-sobre-bienestar-animal-en-nuestra-jornada-en-la-pucp\\\/#primaryimage\",\"url\":\"https:\\\/\\\/compromisoverde.org\\\/wp-content\\\/uploads\\\/2026\\\/05\\\/Mas-de-200-personas-se-sumaron-al-debate-sobre-bienestar-animal-en-nuestra-jornada-en-la-PUCP.avif\",\"contentUrl\":\"https:\\\/\\\/compromisoverde.org\\\/wp-content\\\/uploads\\\/2026\\\/05\\\/Mas-de-200-personas-se-sumaron-al-debate-sobre-bienestar-animal-en-nuestra-jornada-en-la-PUCP.avif\",\"width\":1920,\"height\":1440,\"caption\":\"Ma\u0301s de 200 personas se sumaron al debate sobre bienestar animal en nuestra jornada en la PUCP\"},{\"@type\":\"BreadcrumbList\",\"@id\":\"https:\\\/\\\/compromisoverde.org\\\/2026\\\/05\\\/mas-de-200-personas-se-sumaron-al-debate-sobre-bienestar-animal-en-nuestra-jornada-en-la-pucp\\\/#breadcrumb\",\"itemListElement\":[{\"@type\":\"ListItem\",\"position\":1,\"name\":\"In\u00edcio\",\"item\":\"https:\\\/\\\/compromisoverde.org\\\/\"},{\"@type\":\"ListItem\",\"position\":2,\"name\":\"M\u00e1s de 200 personas se sumaron al debate sobre bienestar animal en nuestra jornada en la PUCP\"}]},{\"@type\":\"WebSite\",\"@id\":\"https:\\\/\\\/compromisoverde.org\\\/#website\",\"url\":\"https:\\\/\\\/compromisoverde.org\\\/\",\"name\":\"Compromiso Verde\",\"description\":\"Compromiso Verde\",\"publisher\":{\"@id\":\"https:\\\/\\\/compromisoverde.org\\\/#organization\"},\"potentialAction\":[{\"@type\":\"SearchAction\",\"target\":{\"@type\":\"EntryPoint\",\"urlTemplate\":\"https:\\\/\\\/compromisoverde.org\\\/?s={search_term_string}\"},\"query-input\":{\"@type\":\"PropertyValueSpecification\",\"valueRequired\":true,\"valueName\":\"search_term_string\"}}],\"inLanguage\":\"en-GB\"},{\"@type\":\"Organization\",\"@id\":\"https:\\\/\\\/compromisoverde.org\\\/#organization\",\"name\":\"Compromiso Verde\",\"url\":\"https:\\\/\\\/compromisoverde.org\\\/\",\"logo\":{\"@type\":\"ImageObject\",\"inLanguage\":\"en-GB\",\"@id\":\"https:\\\/\\\/compromisoverde.org\\\/#\\\/schema\\\/logo\\\/image\\\/\",\"url\":\"https:\\\/\\\/compromisoverde.org\\\/wp-content\\\/uploads\\\/2022\\\/10\\\/logo-V-para-fundo-branco.png\",\"contentUrl\":\"https:\\\/\\\/compromisoverde.org\\\/wp-content\\\/uploads\\\/2022\\\/10\\\/logo-V-para-fundo-branco.png\",\"width\":900,\"height\":278,\"caption\":\"Compromiso Verde\"},\"image\":{\"@id\":\"https:\\\/\\\/compromisoverde.org\\\/#\\\/schema\\\/logo\\\/image\\\/\"},\"sameAs\":[\"https:\\\/\\\/www.facebook.com\\\/profile.php?id=100092195840988\",\"https:\\\/\\\/www.linkedin.com\\\/company\\\/compromisoverde\\\/\",\"https:\\\/\\\/www.instagram.com\\\/compromisoverde.ong\\\/\"]},{\"@type\":\"Person\",\"@id\":\"https:\\\/\\\/compromisoverde.org\\\/#\\\/schema\\\/person\\\/79f9d7d66d51a64ea57882a706b8251e\",\"name\":\"Compromiso Verde\",\"url\":\"https:\\\/\\\/compromisoverde.org\\\/en\\\/author\\\/sandracompromisoverde-org\\\/\"}]}<\/script>\n<!-- \/ Yoast SEO plugin. -->","yoast_head_json":{"title":"M\u00e1s de 200 personas se sumaron al debate sobre bienestar animal en nuestra jornada en la PUCP - Compromiso Verde","description":"Green Commitment","robots":{"index":"index","follow":"follow","max-snippet":"max-snippet:-1","max-image-preview":"max-image-preview:large","max-video-preview":"max-video-preview:-1"},"canonical":"https:\/\/compromisoverde.org\/en\/2026\/05\/mas-de-200-personas-se-sumaron-al-debate-sobre-bienestar-animal-en-nuestra-jornada-en-la-pucp\/","og_locale":"en_GB","og_type":"article","og_title":"M\u00e1s de 200 personas se sumaron al debate sobre bienestar animal en nuestra jornada en la PUCP - Compromiso Verde","og_description":"Compromiso Verde","og_url":"https:\/\/compromisoverde.org\/en\/2026\/05\/mas-de-200-personas-se-sumaron-al-debate-sobre-bienestar-animal-en-nuestra-jornada-en-la-pucp\/","og_site_name":"Compromiso Verde","article_publisher":"https:\/\/www.facebook.com\/profile.php?id=100092195840988","article_published_time":"2026-05-13T20:52:35+00:00","article_modified_time":"2026-05-13T20:52:40+00:00","og_image":[{"width":1920,"height":1440,"url":"https:\/\/compromisoverde.org\/wp-content\/uploads\/2026\/05\/Mas-de-200-personas-se-sumaron-al-debate-sobre-bienestar-animal-en-nuestra-jornada-en-la-PUCP.avif","type":"image\/jpeg"}],"author":"Compromiso Verde","twitter_card":"summary_large_image","twitter_misc":{"Written by":"Compromiso Verde","Estimated reading time":"3 minutes"},"schema":{"@context":"https:\/\/schema.org","@graph":[{"@type":"Article","@id":"https:\/\/compromisoverde.org\/2026\/05\/mas-de-200-personas-se-sumaron-al-debate-sobre-bienestar-animal-en-nuestra-jornada-en-la-pucp\/#article","isPartOf":{"@id":"https:\/\/compromisoverde.org\/2026\/05\/mas-de-200-personas-se-sumaron-al-debate-sobre-bienestar-animal-en-nuestra-jornada-en-la-pucp\/"},"author":{"name":"Compromiso Verde","@id":"https:\/\/compromisoverde.org\/#\/schema\/person\/79f9d7d66d51a64ea57882a706b8251e"},"headline":"M\u00e1s de 200 personas se sumaron al debate sobre bienestar animal en nuestra jornada en la PUCP","datePublished":"2026-05-13T20:52:35+00:00","dateModified":"2026-05-13T20:52:40+00:00","mainEntityOfPage":{"@id":"https:\/\/compromisoverde.org\/2026\/05\/mas-de-200-personas-se-sumaron-al-debate-sobre-bienestar-animal-en-nuestra-jornada-en-la-pucp\/"},"wordCount":434,"publisher":{"@id":"https:\/\/compromisoverde.org\/#organization"},"image":{"@id":"https:\/\/compromisoverde.org\/2026\/05\/mas-de-200-personas-se-sumaron-al-debate-sobre-bienestar-animal-en-nuestra-jornada-en-la-pucp\/#primaryimage"},"thumbnailUrl":"https:\/\/compromisoverde.org\/wp-content\/uploads\/2026\/05\/Mas-de-200-personas-se-sumaron-al-debate-sobre-bienestar-animal-en-nuestra-jornada-en-la-PUCP.avif","keywords":["Legal"],"articleSection":["Eventos"],"inLanguage":"en-GB"},{"@type":"WebPage","@id":"https:\/\/compromisoverde.org\/2026\/05\/mas-de-200-personas-se-sumaron-al-debate-sobre-bienestar-animal-en-nuestra-jornada-en-la-pucp\/","url":"https:\/\/compromisoverde.org\/2026\/05\/mas-de-200-personas-se-sumaron-al-debate-sobre-bienestar-animal-en-nuestra-jornada-en-la-pucp\/","name":"M\u00e1s de 200 personas se sumaron al debate sobre bienestar animal en nuestra jornada en la PUCP - Compromiso Verde","isPartOf":{"@id":"https:\/\/compromisoverde.org\/#website"},"primaryImageOfPage":{"@id":"https:\/\/compromisoverde.org\/2026\/05\/mas-de-200-personas-se-sumaron-al-debate-sobre-bienestar-animal-en-nuestra-jornada-en-la-pucp\/#primaryimage"},"image":{"@id":"https:\/\/compromisoverde.org\/2026\/05\/mas-de-200-personas-se-sumaron-al-debate-sobre-bienestar-animal-en-nuestra-jornada-en-la-pucp\/#primaryimage"},"thumbnailUrl":"https:\/\/compromisoverde.org\/wp-content\/uploads\/2026\/05\/Mas-de-200-personas-se-sumaron-al-debate-sobre-bienestar-animal-en-nuestra-jornada-en-la-PUCP.avif","datePublished":"2026-05-13T20:52:35+00:00","dateModified":"2026-05-13T20:52:40+00:00","description":"Green Commitment","breadcrumb":{"@id":"https:\/\/compromisoverde.org\/2026\/05\/mas-de-200-personas-se-sumaron-al-debate-sobre-bienestar-animal-en-nuestra-jornada-en-la-pucp\/#breadcrumb"},"inLanguage":"en-GB","potentialAction":[{"@type":"ReadAction","target":["https:\/\/compromisoverde.org\/2026\/05\/mas-de-200-personas-se-sumaron-al-debate-sobre-bienestar-animal-en-nuestra-jornada-en-la-pucp\/"]}]},{"@type":"ImageObject","inLanguage":"en-GB","@id":"https:\/\/compromisoverde.org\/2026\/05\/mas-de-200-personas-se-sumaron-al-debate-sobre-bienestar-animal-en-nuestra-jornada-en-la-pucp\/#primaryimage","url":"https:\/\/compromisoverde.org\/wp-content\/uploads\/2026\/05\/Mas-de-200-personas-se-sumaron-al-debate-sobre-bienestar-animal-en-nuestra-jornada-en-la-PUCP.avif","contentUrl":"https:\/\/compromisoverde.org\/wp-content\/uploads\/2026\/05\/Mas-de-200-personas-se-sumaron-al-debate-sobre-bienestar-animal-en-nuestra-jornada-en-la-PUCP.avif","width":1920,"height":1440,"caption":"Ma\u0301s de 200 personas se sumaron al debate sobre bienestar animal en nuestra jornada en la PUCP"},{"@type":"BreadcrumbList","@id":"https:\/\/compromisoverde.org\/2026\/05\/mas-de-200-personas-se-sumaron-al-debate-sobre-bienestar-animal-en-nuestra-jornada-en-la-pucp\/#breadcrumb","itemListElement":[{"@type":"ListItem","position":1,"name":"In\u00edcio","item":"https:\/\/compromisoverde.org\/"},{"@type":"ListItem","position":2,"name":"M\u00e1s de 200 personas se sumaron al debate sobre bienestar animal en nuestra jornada en la PUCP"}]},{"@type":"WebSite","@id":"https:\/\/compromisoverde.org\/#website","url":"https:\/\/compromisoverde.org\/","name":"Green Commitment","description":"Green Commitment","publisher":{"@id":"https:\/\/compromisoverde.org\/#organization"},"potentialAction":[{"@type":"SearchAction","target":{"@type":"EntryPoint","urlTemplate":"https:\/\/compromisoverde.org\/?s={search_term_string}"},"query-input":{"@type":"PropertyValueSpecification","valueRequired":true,"valueName":"search_term_string"}}],"inLanguage":"en-GB"},{"@type":"Organization","@id":"https:\/\/compromisoverde.org\/#organization","name":"Green Commitment","url":"https:\/\/compromisoverde.org\/","logo":{"@type":"ImageObject","inLanguage":"en-GB","@id":"https:\/\/compromisoverde.org\/#\/schema\/logo\/image\/","url":"https:\/\/compromisoverde.org\/wp-content\/uploads\/2022\/10\/logo-V-para-fundo-branco.png","contentUrl":"https:\/\/compromisoverde.org\/wp-content\/uploads\/2022\/10\/logo-V-para-fundo-branco.png","width":900,"height":278,"caption":"Compromiso Verde"},"image":{"@id":"https:\/\/compromisoverde.org\/#\/schema\/logo\/image\/"},"sameAs":["https:\/\/www.facebook.com\/profile.php?id=100092195840988","https:\/\/www.linkedin.com\/company\/compromisoverde\/","https:\/\/www.instagram.com\/compromisoverde.ong\/"]},{"@type":"Person","@id":"https:\/\/compromisoverde.org\/#\/schema\/person\/79f9d7d66d51a64ea57882a706b8251e","name":"Green Commitment","url":"https:\/\/compromisoverde.org\/en\/author\/sandracompromisoverde-org\/"}]}},"_links":{"self":[{"href":"https:\/\/compromisoverde.org\/en\/wp-json\/wp\/v2\/posts\/10971","targetHints":{"allow":["GET"]}}],"collection":[{"href":"https:\/\/compromisoverde.org\/en\/wp-json\/wp\/v2\/posts"}],"about":[{"href":"https:\/\/compromisoverde.org\/en\/wp-json\/wp\/v2\/types\/post"}],"author":[{"embeddable":true,"href":"https:\/\/compromisoverde.org\/en\/wp-json\/wp\/v2\/users\/50"}],"replies":[{"embeddable":true,"href":"https:\/\/compromisoverde.org\/en\/wp-json\/wp\/v2\/comments?post=10971"}],"version-history":[{"count":1,"href":"https:\/\/compromisoverde.org\/en\/wp-json\/wp\/v2\/posts\/10971\/revisions"}],"predecessor-version":[{"id":10975,"href":"https:\/\/compromisoverde.org\/en\/wp-json\/wp\/v2\/posts\/10971\/revisions\/10975"}],"wp:featuredmedia":[{"embeddable":true,"href":"https:\/\/compromisoverde.org\/en\/wp-json\/wp\/v2\/media\/10973"}],"wp:attachment":[{"href":"https:\/\/compromisoverde.org\/en\/wp-json\/wp\/v2\/media?parent=10971"}],"wp:term":[{"taxonomy":"category","embeddable":true,"href":"https:\/\/compromisoverde.org\/en\/wp-json\/wp\/v2\/categories?post=10971"},{"taxonomy":"post_tag","embeddable":true,"href":"https:\/\/compromisoverde.org\/en\/wp-json\/wp\/v2\/tags?post=10971"},{"taxonomy":"post_folder","embeddable":true,"href":"https:\/\/compromisoverde.org\/en\/wp-json\/wp\/v2\/post_folder?post=10971"}],"curies":[{"name":"wp","href":"https:\/\/api.w.org\/{rel}","templated":true}]}}