{"id":10264,"date":"2026-03-27T13:43:40","date_gmt":"2026-03-27T18:43:40","guid":{"rendered":"https:\/\/compromisoverde.org\/?p=10264"},"modified":"2026-03-27T14:05:53","modified_gmt":"2026-03-27T19:05:53","slug":"proyecto-de-ley-busca-prohibir-la-muda-forzada-en-el-peru-asi-puedes-apoyarlo","status":"publish","type":"post","link":"https:\/\/compromisoverde.org\/en\/2026\/03\/proyecto-de-ley-busca-prohibir-la-muda-forzada-en-el-peru-asi-puedes-apoyarlo\/","title":{"rendered":"Proyecto de ley busca prohibir la muda forzada en el Per\u00fa: as\u00ed puedes apoyarlo"},"content":{"rendered":"<p class=\"wp-block-paragraph\">Desde Compromiso Verde llevamos tiempo impulsando una agenda concreta en favor de los animales usados en la producci\u00f3n. Hoy podemos compartir un avance real: un proyecto de ley que proh\u00edbe la muda forzada en la industria av\u00edcola peruana fue presentado en el Congreso de la Rep\u00fablica, en coordinaci\u00f3n con nosotros.<\/p>\n\n\n\n<h2 class=\"wp-block-heading\">\u00bfQu\u00e9 es la muda forzada?<\/h2>\n\n\n\n<figure class=\"wp-block-image size-large\"><img data-dominant-color=\"5c4331\" data-has-transparency=\"false\" style=\"--dominant-color: #5c4331;\" fetchpriority=\"high\" decoding=\"async\" width=\"1024\" height=\"576\" sizes=\"(max-width: 1024px) 100vw, 1024px\" src=\"https:\/\/compromisoverde.org\/wp-content\/uploads\/2026\/03\/Muda-Forzada-1024x576.avif\" alt=\"Muda Forzada\" class=\"wp-image-10265 not-transparent\" srcset=\"https:\/\/compromisoverde.org\/wp-content\/uploads\/2026\/03\/Muda-Forzada-1024x576.avif 1024w, https:\/\/compromisoverde.org\/wp-content\/uploads\/2026\/03\/Muda-Forzada-300x169.avif 300w, https:\/\/compromisoverde.org\/wp-content\/uploads\/2026\/03\/Muda-Forzada-768x432.avif 768w, https:\/\/compromisoverde.org\/wp-content\/uploads\/2026\/03\/Muda-Forzada-1536x864.avif 1536w, https:\/\/compromisoverde.org\/wp-content\/uploads\/2026\/03\/Muda-Forzada.avif 1920w\" \/><\/figure>\n\n\n\n<p class=\"wp-block-paragraph\">La muda forzada es la pr\u00e1ctica por la que se somete a las gallinas a un choque fisiol\u00f3gico deliberado para reiniciar su ciclo de postura. El m\u00e9todo m\u00e1s usado es la privaci\u00f3n de alimento, pero existen otros como dietas de muy bajo valor nutricional, manipulaci\u00f3n de la iluminaci\u00f3n o el uso de minerales como el zinc. Durante ese per\u00edodo, las aves experimentan p\u00e9rdida severa de peso, ca\u00edda de plumas y estr\u00e9s intenso. No se trata de un proceso natural: es una intervenci\u00f3n deliberada que aprovecha la respuesta del cuerpo del animal al estr\u00e9s para alargar su vida productiva. Y hasta hoy, en el Per\u00fa no existe ninguna norma que la proh\u00edba ni la regule.<\/p>\n\n\n\n<p class=\"wp-block-paragraph\">El proyecto de ley presentado propone cambiar eso con medidas espec\u00edficas: regular la alimentaci\u00f3n, el acceso al agua y luz y respetar los ciclos naturales de producci\u00f3n de las aves, y prohibir expresamente la muda forzada. No es una propuesta contra la industria av\u00edcola, es una propuesta para que opere con reglas claras, como ya ocurre en otros pa\u00edses sin que su producci\u00f3n se haya visto afectada.<\/p>\n\n\n\n<h2 class=\"wp-block-heading\">As\u00ed puedes sumar tu voz al proyecto<\/h2>\n\n\n\n<p class=\"wp-block-paragraph\">En el Per\u00fa hay m\u00e1s de 26 millones de gallinas sometidas a las condiciones que este proyecto busca regular. El expediente est\u00e1 abierto a opiniones ciudadanas y cada una que se registra forma parte del expediente oficial, demostrando que hay respaldo real detr\u00e1s de esta iniciativa. Ellas no pueden opinar, pero t\u00fa s\u00ed puedes hacerlo por ellas, y te tomar\u00e1 solo cinco minutos:<\/p>\n\n\n\n<ul class=\"wp-block-list\">\n<li>Ingresa al <a href=\"https:\/\/wb2server.congreso.gob.pe\/spley-portal\/#\/expediente\/2021\/13829\">expediente del proyecto<\/a> y haz clic en <strong>&#8220;Presente su opini\u00f3n&#8221;<\/strong>.<\/li>\n\n\n\n<li>Ingresa tu DNI y el c\u00f3digo validador.<\/li>\n\n\n\n<li>At <strong>&#8220;Posici\u00f3n&#8221;<\/strong>, selecciona <strong>A FAVOR<\/strong> y escribe una opini\u00f3n breve.<\/li>\n\n\n\n<li>Confirma tu correo con el c\u00f3digo de verificaci\u00f3n.<\/li>\n<\/ul>\n\n\n\n<p class=\"wp-block-paragraph\">Este proyecto es un paso concreto hacia una industria av\u00edcola m\u00e1s responsable en el Per\u00fa. Con tu voz, podemos hacer que llegue m\u00e1s lejos.<\/p>\n\n\n\n<p class=\"wp-block-paragraph\">\u00bfQuieres hacer a\u00fan m\u00e1s? Firma tambi\u00e9n nuestra petici\u00f3n en Change.org y ay\u00fadanos a demostrar que detr\u00e1s de este proyecto hay una ciudadan\u00eda que exige el cambio:<\/p>\n\n\n\n<div class=\"wp-block-buttons is-content-justification-center is-layout-flex wp-container-core-buttons-is-layout-3e41869c wp-block-buttons-is-layout-flex\">\n<div class=\"wp-block-button\"><a class=\"wp-block-button__link has-white-color has-text-color has-background has-link-color wp-element-button\" href=\"https:\/\/www.change.org\/NoALaMudaForzada\" style=\"background-color:#46bfb0\"><strong>Firma la petici\u00f3n en Change<\/strong><\/a><\/div>\n<\/div>","protected":false},"excerpt":{"rendered":"<p>Desde Compromiso Verde llevamos tiempo impulsando una agenda concreta en favor de los animales usados en la producci\u00f3n. Hoy podemos compartir un avance real: un proyecto de ley que proh\u00edbe la muda forzada en la industria av\u00edcola peruana fue presentado en el Congreso de la Rep\u00fablica, en coordinaci\u00f3n con nosotros. \u00bfQu\u00e9 es la muda forzada? [&hellip;]<\/p>\n","protected":false},"author":50,"featured_media":10265,"comment_status":"closed","ping_status":"open","sticky":false,"template":"","format":"standard","meta":{"footnotes":"","_links_to":"","_links_to_target":""},"categories":[46],"tags":[279],"post_folder":[],"class_list":["post-10264","post","type-post","status-publish","format-standard","has-post-thumbnail","hentry","category-campanas","tag-legal"],"yoast_head":"<!-- This site is optimized with the Yoast SEO plugin v28.4 - https:\/\/yoast.com\/product\/yoast-seo-wordpress\/ -->\n<title>Proyecto de ley busca prohibir la muda forzada en el Per\u00fa: as\u00ed puedes apoyarlo - Compromiso Verde<\/title>\n<meta name=\"description\" content=\"Compromiso Verde\" \/>\n<meta name=\"robots\" content=\"index, follow, max-snippet:-1, max-image-preview:large, max-video-preview:-1\" \/>\n<link rel=\"canonical\" href=\"https:\/\/compromisoverde.org\/en\/2026\/03\/proyecto-de-ley-busca-prohibir-la-muda-forzada-en-el-peru-asi-puedes-apoyarlo\/\" \/>\n<meta property=\"og:locale\" content=\"en_GB\" \/>\n<meta property=\"og:type\" content=\"article\" \/>\n<meta property=\"og:title\" content=\"Proyecto de ley busca prohibir la muda forzada en el Per\u00fa: as\u00ed puedes apoyarlo - Compromiso Verde\" \/>\n<meta property=\"og:description\" content=\"Compromiso Verde\" \/>\n<meta property=\"og:url\" content=\"https:\/\/compromisoverde.org\/en\/2026\/03\/proyecto-de-ley-busca-prohibir-la-muda-forzada-en-el-peru-asi-puedes-apoyarlo\/\" \/>\n<meta property=\"og:site_name\" content=\"Compromiso Verde\" \/>\n<meta property=\"article:publisher\" content=\"https:\/\/www.facebook.com\/profile.php?id=100092195840988\" \/>\n<meta property=\"article:published_time\" content=\"2026-03-27T18:43:40+00:00\" \/>\n<meta property=\"article:modified_time\" content=\"2026-03-27T19:05:53+00:00\" \/>\n<meta property=\"og:image\" content=\"https:\/\/compromisoverde.org\/wp-content\/uploads\/2026\/03\/Muda-Forzada.avif\" \/>\n\t<meta property=\"og:image:width\" content=\"1920\" \/>\n\t<meta property=\"og:image:height\" content=\"1080\" \/>\n\t<meta property=\"og:image:type\" content=\"image\/jpeg\" \/>\n<meta name=\"author\" content=\"Compromiso Verde\" \/>\n<meta name=\"twitter:card\" content=\"summary_large_image\" \/>\n<meta name=\"twitter:label1\" content=\"Written by\" \/>\n\t<meta name=\"twitter:data1\" content=\"Compromiso Verde\" \/>\n\t<meta name=\"twitter:label2\" content=\"Estimated reading time\" \/>\n\t<meta name=\"twitter:data2\" content=\"3 minutes\" \/>\n<script type=\"application\/ld+json\" class=\"yoast-schema-graph\">{\"@context\":\"https:\\\/\\\/schema.org\",\"@graph\":[{\"@type\":\"Article\",\"@id\":\"https:\\\/\\\/compromisoverde.org\\\/2026\\\/03\\\/proyecto-de-ley-busca-prohibir-la-muda-forzada-en-el-peru-asi-puedes-apoyarlo\\\/#article\",\"isPartOf\":{\"@id\":\"https:\\\/\\\/compromisoverde.org\\\/2026\\\/03\\\/proyecto-de-ley-busca-prohibir-la-muda-forzada-en-el-peru-asi-puedes-apoyarlo\\\/\"},\"author\":{\"name\":\"Compromiso Verde\",\"@id\":\"https:\\\/\\\/compromisoverde.org\\\/#\\\/schema\\\/person\\\/79f9d7d66d51a64ea57882a706b8251e\"},\"headline\":\"Proyecto de ley busca prohibir la muda forzada en el Per\u00fa: as\u00ed puedes apoyarlo\",\"datePublished\":\"2026-03-27T18:43:40+00:00\",\"dateModified\":\"2026-03-27T19:05:53+00:00\",\"mainEntityOfPage\":{\"@id\":\"https:\\\/\\\/compromisoverde.org\\\/2026\\\/03\\\/proyecto-de-ley-busca-prohibir-la-muda-forzada-en-el-peru-asi-puedes-apoyarlo\\\/\"},\"wordCount\":456,\"publisher\":{\"@id\":\"https:\\\/\\\/compromisoverde.org\\\/#organization\"},\"image\":{\"@id\":\"https:\\\/\\\/compromisoverde.org\\\/2026\\\/03\\\/proyecto-de-ley-busca-prohibir-la-muda-forzada-en-el-peru-asi-puedes-apoyarlo\\\/#primaryimage\"},\"thumbnailUrl\":\"https:\\\/\\\/compromisoverde.org\\\/wp-content\\\/uploads\\\/2026\\\/03\\\/Muda-Forzada.avif\",\"keywords\":[\"Legal\"],\"articleSection\":[\"Campa\u00f1as\"],\"inLanguage\":\"en-GB\"},{\"@type\":\"WebPage\",\"@id\":\"https:\\\/\\\/compromisoverde.org\\\/2026\\\/03\\\/proyecto-de-ley-busca-prohibir-la-muda-forzada-en-el-peru-asi-puedes-apoyarlo\\\/\",\"url\":\"https:\\\/\\\/compromisoverde.org\\\/2026\\\/03\\\/proyecto-de-ley-busca-prohibir-la-muda-forzada-en-el-peru-asi-puedes-apoyarlo\\\/\",\"name\":\"Proyecto de ley busca prohibir la muda forzada en el Per\u00fa: as\u00ed puedes apoyarlo - Compromiso Verde\",\"isPartOf\":{\"@id\":\"https:\\\/\\\/compromisoverde.org\\\/#website\"},\"primaryImageOfPage\":{\"@id\":\"https:\\\/\\\/compromisoverde.org\\\/2026\\\/03\\\/proyecto-de-ley-busca-prohibir-la-muda-forzada-en-el-peru-asi-puedes-apoyarlo\\\/#primaryimage\"},\"image\":{\"@id\":\"https:\\\/\\\/compromisoverde.org\\\/2026\\\/03\\\/proyecto-de-ley-busca-prohibir-la-muda-forzada-en-el-peru-asi-puedes-apoyarlo\\\/#primaryimage\"},\"thumbnailUrl\":\"https:\\\/\\\/compromisoverde.org\\\/wp-content\\\/uploads\\\/2026\\\/03\\\/Muda-Forzada.avif\",\"datePublished\":\"2026-03-27T18:43:40+00:00\",\"dateModified\":\"2026-03-27T19:05:53+00:00\",\"description\":\"Compromiso Verde\",\"breadcrumb\":{\"@id\":\"https:\\\/\\\/compromisoverde.org\\\/2026\\\/03\\\/proyecto-de-ley-busca-prohibir-la-muda-forzada-en-el-peru-asi-puedes-apoyarlo\\\/#breadcrumb\"},\"inLanguage\":\"en-GB\",\"potentialAction\":[{\"@type\":\"ReadAction\",\"target\":[\"https:\\\/\\\/compromisoverde.org\\\/2026\\\/03\\\/proyecto-de-ley-busca-prohibir-la-muda-forzada-en-el-peru-asi-puedes-apoyarlo\\\/\"]}]},{\"@type\":\"ImageObject\",\"inLanguage\":\"en-GB\",\"@id\":\"https:\\\/\\\/compromisoverde.org\\\/2026\\\/03\\\/proyecto-de-ley-busca-prohibir-la-muda-forzada-en-el-peru-asi-puedes-apoyarlo\\\/#primaryimage\",\"url\":\"https:\\\/\\\/compromisoverde.org\\\/wp-content\\\/uploads\\\/2026\\\/03\\\/Muda-Forzada.avif\",\"contentUrl\":\"https:\\\/\\\/compromisoverde.org\\\/wp-content\\\/uploads\\\/2026\\\/03\\\/Muda-Forzada.avif\",\"width\":1920,\"height\":1080,\"caption\":\"Muda Forzada\"},{\"@type\":\"BreadcrumbList\",\"@id\":\"https:\\\/\\\/compromisoverde.org\\\/2026\\\/03\\\/proyecto-de-ley-busca-prohibir-la-muda-forzada-en-el-peru-asi-puedes-apoyarlo\\\/#breadcrumb\",\"itemListElement\":[{\"@type\":\"ListItem\",\"position\":1,\"name\":\"In\u00edcio\",\"item\":\"https:\\\/\\\/compromisoverde.org\\\/\"},{\"@type\":\"ListItem\",\"position\":2,\"name\":\"Proyecto de ley busca prohibir la muda forzada en el Per\u00fa: as\u00ed puedes apoyarlo\"}]},{\"@type\":\"WebSite\",\"@id\":\"https:\\\/\\\/compromisoverde.org\\\/#website\",\"url\":\"https:\\\/\\\/compromisoverde.org\\\/\",\"name\":\"Compromiso Verde\",\"description\":\"Compromiso Verde\",\"publisher\":{\"@id\":\"https:\\\/\\\/compromisoverde.org\\\/#organization\"},\"potentialAction\":[{\"@type\":\"SearchAction\",\"target\":{\"@type\":\"EntryPoint\",\"urlTemplate\":\"https:\\\/\\\/compromisoverde.org\\\/?s={search_term_string}\"},\"query-input\":{\"@type\":\"PropertyValueSpecification\",\"valueRequired\":true,\"valueName\":\"search_term_string\"}}],\"inLanguage\":\"en-GB\"},{\"@type\":\"Organization\",\"@id\":\"https:\\\/\\\/compromisoverde.org\\\/#organization\",\"name\":\"Compromiso Verde\",\"url\":\"https:\\\/\\\/compromisoverde.org\\\/\",\"logo\":{\"@type\":\"ImageObject\",\"inLanguage\":\"en-GB\",\"@id\":\"https:\\\/\\\/compromisoverde.org\\\/#\\\/schema\\\/logo\\\/image\\\/\",\"url\":\"https:\\\/\\\/compromisoverde.org\\\/wp-content\\\/uploads\\\/2022\\\/10\\\/logo-V-para-fundo-branco.png\",\"contentUrl\":\"https:\\\/\\\/compromisoverde.org\\\/wp-content\\\/uploads\\\/2022\\\/10\\\/logo-V-para-fundo-branco.png\",\"width\":900,\"height\":278,\"caption\":\"Compromiso Verde\"},\"image\":{\"@id\":\"https:\\\/\\\/compromisoverde.org\\\/#\\\/schema\\\/logo\\\/image\\\/\"},\"sameAs\":[\"https:\\\/\\\/www.facebook.com\\\/profile.php?id=100092195840988\",\"https:\\\/\\\/www.linkedin.com\\\/company\\\/compromisoverde\\\/\",\"https:\\\/\\\/www.instagram.com\\\/compromisoverde.ong\\\/\"]},{\"@type\":\"Person\",\"@id\":\"https:\\\/\\\/compromisoverde.org\\\/#\\\/schema\\\/person\\\/79f9d7d66d51a64ea57882a706b8251e\",\"name\":\"Compromiso Verde\",\"url\":\"https:\\\/\\\/compromisoverde.org\\\/en\\\/author\\\/sandracompromisoverde-org\\\/\"}]}<\/script>\n<!-- \/ Yoast SEO plugin. -->","yoast_head_json":{"title":"Proyecto de ley busca prohibir la muda forzada en el Per\u00fa: as\u00ed puedes apoyarlo - Compromiso Verde","description":"Green Commitment","robots":{"index":"index","follow":"follow","max-snippet":"max-snippet:-1","max-image-preview":"max-image-preview:large","max-video-preview":"max-video-preview:-1"},"canonical":"https:\/\/compromisoverde.org\/en\/2026\/03\/proyecto-de-ley-busca-prohibir-la-muda-forzada-en-el-peru-asi-puedes-apoyarlo\/","og_locale":"en_GB","og_type":"article","og_title":"Proyecto de ley busca prohibir la muda forzada en el Per\u00fa: as\u00ed puedes apoyarlo - Compromiso Verde","og_description":"Compromiso Verde","og_url":"https:\/\/compromisoverde.org\/en\/2026\/03\/proyecto-de-ley-busca-prohibir-la-muda-forzada-en-el-peru-asi-puedes-apoyarlo\/","og_site_name":"Compromiso Verde","article_publisher":"https:\/\/www.facebook.com\/profile.php?id=100092195840988","article_published_time":"2026-03-27T18:43:40+00:00","article_modified_time":"2026-03-27T19:05:53+00:00","og_image":[{"width":1920,"height":1080,"url":"https:\/\/compromisoverde.org\/wp-content\/uploads\/2026\/03\/Muda-Forzada.avif","type":"image\/jpeg"}],"author":"Compromiso Verde","twitter_card":"summary_large_image","twitter_misc":{"Written by":"Compromiso Verde","Estimated reading time":"3 minutes"},"schema":{"@context":"https:\/\/schema.org","@graph":[{"@type":"Article","@id":"https:\/\/compromisoverde.org\/2026\/03\/proyecto-de-ley-busca-prohibir-la-muda-forzada-en-el-peru-asi-puedes-apoyarlo\/#article","isPartOf":{"@id":"https:\/\/compromisoverde.org\/2026\/03\/proyecto-de-ley-busca-prohibir-la-muda-forzada-en-el-peru-asi-puedes-apoyarlo\/"},"author":{"name":"Compromiso Verde","@id":"https:\/\/compromisoverde.org\/#\/schema\/person\/79f9d7d66d51a64ea57882a706b8251e"},"headline":"Proyecto de ley busca prohibir la muda forzada en el Per\u00fa: as\u00ed puedes apoyarlo","datePublished":"2026-03-27T18:43:40+00:00","dateModified":"2026-03-27T19:05:53+00:00","mainEntityOfPage":{"@id":"https:\/\/compromisoverde.org\/2026\/03\/proyecto-de-ley-busca-prohibir-la-muda-forzada-en-el-peru-asi-puedes-apoyarlo\/"},"wordCount":456,"publisher":{"@id":"https:\/\/compromisoverde.org\/#organization"},"image":{"@id":"https:\/\/compromisoverde.org\/2026\/03\/proyecto-de-ley-busca-prohibir-la-muda-forzada-en-el-peru-asi-puedes-apoyarlo\/#primaryimage"},"thumbnailUrl":"https:\/\/compromisoverde.org\/wp-content\/uploads\/2026\/03\/Muda-Forzada.avif","keywords":["Legal"],"articleSection":["Campa\u00f1as"],"inLanguage":"en-GB"},{"@type":"WebPage","@id":"https:\/\/compromisoverde.org\/2026\/03\/proyecto-de-ley-busca-prohibir-la-muda-forzada-en-el-peru-asi-puedes-apoyarlo\/","url":"https:\/\/compromisoverde.org\/2026\/03\/proyecto-de-ley-busca-prohibir-la-muda-forzada-en-el-peru-asi-puedes-apoyarlo\/","name":"Proyecto de ley busca prohibir la muda forzada en el Per\u00fa: as\u00ed puedes apoyarlo - Compromiso Verde","isPartOf":{"@id":"https:\/\/compromisoverde.org\/#website"},"primaryImageOfPage":{"@id":"https:\/\/compromisoverde.org\/2026\/03\/proyecto-de-ley-busca-prohibir-la-muda-forzada-en-el-peru-asi-puedes-apoyarlo\/#primaryimage"},"image":{"@id":"https:\/\/compromisoverde.org\/2026\/03\/proyecto-de-ley-busca-prohibir-la-muda-forzada-en-el-peru-asi-puedes-apoyarlo\/#primaryimage"},"thumbnailUrl":"https:\/\/compromisoverde.org\/wp-content\/uploads\/2026\/03\/Muda-Forzada.avif","datePublished":"2026-03-27T18:43:40+00:00","dateModified":"2026-03-27T19:05:53+00:00","description":"Green Commitment","breadcrumb":{"@id":"https:\/\/compromisoverde.org\/2026\/03\/proyecto-de-ley-busca-prohibir-la-muda-forzada-en-el-peru-asi-puedes-apoyarlo\/#breadcrumb"},"inLanguage":"en-GB","potentialAction":[{"@type":"ReadAction","target":["https:\/\/compromisoverde.org\/2026\/03\/proyecto-de-ley-busca-prohibir-la-muda-forzada-en-el-peru-asi-puedes-apoyarlo\/"]}]},{"@type":"ImageObject","inLanguage":"en-GB","@id":"https:\/\/compromisoverde.org\/2026\/03\/proyecto-de-ley-busca-prohibir-la-muda-forzada-en-el-peru-asi-puedes-apoyarlo\/#primaryimage","url":"https:\/\/compromisoverde.org\/wp-content\/uploads\/2026\/03\/Muda-Forzada.avif","contentUrl":"https:\/\/compromisoverde.org\/wp-content\/uploads\/2026\/03\/Muda-Forzada.avif","width":1920,"height":1080,"caption":"Muda Forzada"},{"@type":"BreadcrumbList","@id":"https:\/\/compromisoverde.org\/2026\/03\/proyecto-de-ley-busca-prohibir-la-muda-forzada-en-el-peru-asi-puedes-apoyarlo\/#breadcrumb","itemListElement":[{"@type":"ListItem","position":1,"name":"In\u00edcio","item":"https:\/\/compromisoverde.org\/"},{"@type":"ListItem","position":2,"name":"Proyecto de ley busca prohibir la muda forzada en el Per\u00fa: as\u00ed puedes apoyarlo"}]},{"@type":"WebSite","@id":"https:\/\/compromisoverde.org\/#website","url":"https:\/\/compromisoverde.org\/","name":"Green Commitment","description":"Green Commitment","publisher":{"@id":"https:\/\/compromisoverde.org\/#organization"},"potentialAction":[{"@type":"SearchAction","target":{"@type":"EntryPoint","urlTemplate":"https:\/\/compromisoverde.org\/?s={search_term_string}"},"query-input":{"@type":"PropertyValueSpecification","valueRequired":true,"valueName":"search_term_string"}}],"inLanguage":"en-GB"},{"@type":"Organization","@id":"https:\/\/compromisoverde.org\/#organization","name":"Green Commitment","url":"https:\/\/compromisoverde.org\/","logo":{"@type":"ImageObject","inLanguage":"en-GB","@id":"https:\/\/compromisoverde.org\/#\/schema\/logo\/image\/","url":"https:\/\/compromisoverde.org\/wp-content\/uploads\/2022\/10\/logo-V-para-fundo-branco.png","contentUrl":"https:\/\/compromisoverde.org\/wp-content\/uploads\/2022\/10\/logo-V-para-fundo-branco.png","width":900,"height":278,"caption":"Compromiso Verde"},"image":{"@id":"https:\/\/compromisoverde.org\/#\/schema\/logo\/image\/"},"sameAs":["https:\/\/www.facebook.com\/profile.php?id=100092195840988","https:\/\/www.linkedin.com\/company\/compromisoverde\/","https:\/\/www.instagram.com\/compromisoverde.ong\/"]},{"@type":"Person","@id":"https:\/\/compromisoverde.org\/#\/schema\/person\/79f9d7d66d51a64ea57882a706b8251e","name":"Green Commitment","url":"https:\/\/compromisoverde.org\/en\/author\/sandracompromisoverde-org\/"}]}},"_links":{"self":[{"href":"https:\/\/compromisoverde.org\/en\/wp-json\/wp\/v2\/posts\/10264","targetHints":{"allow":["GET"]}}],"collection":[{"href":"https:\/\/compromisoverde.org\/en\/wp-json\/wp\/v2\/posts"}],"about":[{"href":"https:\/\/compromisoverde.org\/en\/wp-json\/wp\/v2\/types\/post"}],"author":[{"embeddable":true,"href":"https:\/\/compromisoverde.org\/en\/wp-json\/wp\/v2\/users\/50"}],"replies":[{"embeddable":true,"href":"https:\/\/compromisoverde.org\/en\/wp-json\/wp\/v2\/comments?post=10264"}],"version-history":[{"count":7,"href":"https:\/\/compromisoverde.org\/en\/wp-json\/wp\/v2\/posts\/10264\/revisions"}],"predecessor-version":[{"id":10275,"href":"https:\/\/compromisoverde.org\/en\/wp-json\/wp\/v2\/posts\/10264\/revisions\/10275"}],"wp:featuredmedia":[{"embeddable":true,"href":"https:\/\/compromisoverde.org\/en\/wp-json\/wp\/v2\/media\/10265"}],"wp:attachment":[{"href":"https:\/\/compromisoverde.org\/en\/wp-json\/wp\/v2\/media?parent=10264"}],"wp:term":[{"taxonomy":"category","embeddable":true,"href":"https:\/\/compromisoverde.org\/en\/wp-json\/wp\/v2\/categories?post=10264"},{"taxonomy":"post_tag","embeddable":true,"href":"https:\/\/compromisoverde.org\/en\/wp-json\/wp\/v2\/tags?post=10264"},{"taxonomy":"post_folder","embeddable":true,"href":"https:\/\/compromisoverde.org\/en\/wp-json\/wp\/v2\/post_folder?post=10264"}],"curies":[{"name":"wp","href":"https:\/\/api.w.org\/{rel}","templated":true}]}}