{"id":10143,"date":"2026-03-05T17:00:19","date_gmt":"2026-03-05T22:00:19","guid":{"rendered":"https:\/\/compromisoverde.org\/?p=10143"},"modified":"2026-03-05T17:03:14","modified_gmt":"2026-03-05T22:03:14","slug":"i-workshop-internacional-capacitara-a-periodistas-de-hispanoamerica-en-bienestar-animal","status":"publish","type":"post","link":"https:\/\/compromisoverde.org\/en\/2026\/03\/i-workshop-internacional-capacitara-a-periodistas-de-hispanoamerica-en-bienestar-animal\/","title":{"rendered":"I Workshop Internacional capacitar\u00e1 a periodistas de Hispanoam\u00e9rica en bienestar animal"},"content":{"rendered":"<figure class=\"wp-block-image size-large\"><img data-dominant-color=\"93b3ab\" data-has-transparency=\"false\" style=\"--dominant-color: #93b3ab;\" fetchpriority=\"high\" decoding=\"async\" width=\"819\" height=\"1024\" sizes=\"(max-width: 819px) 100vw, 819px\" src=\"https:\/\/compromisoverde.org\/wp-content\/uploads\/2026\/03\/Feed-Hora-Peru-819x1024.avif\" alt=\"I Workshop Internacional capacitar\u00e1 a periodistas de Hispanoam\u00e9rica en bienestar animal peru\" class=\"wp-image-10144 not-transparent\" srcset=\"https:\/\/compromisoverde.org\/wp-content\/uploads\/2026\/03\/Feed-Hora-Peru-819x1024.avif 819w, https:\/\/compromisoverde.org\/wp-content\/uploads\/2026\/03\/Feed-Hora-Peru-240x300.avif 240w, https:\/\/compromisoverde.org\/wp-content\/uploads\/2026\/03\/Feed-Hora-Peru-768x960.avif 768w, https:\/\/compromisoverde.org\/wp-content\/uploads\/2026\/03\/Feed-Hora-Peru.avif 1080w\" \/><\/figure>\n\n\n\n<p class=\"wp-block-paragraph\">Compromiso Verde (Per\u00fa) y el Observatorio de Bienestar Animal (Espa\u00f1a) organizar\u00e1n el I <strong>Workshop Internacional para Periodistas sobre Bienestar Animal en Hispanoam\u00e9rica<\/strong>, un espacio de capacitaci\u00f3n dirigido a periodistas de Per\u00fa, Argentina, Chile, M\u00e9xico, Ecuador y Espa\u00f1a que se realizar\u00e1 de manera gratuita y virtual el pr\u00f3ximo <strong>s\u00e1bado 21 de marzo<\/strong>.<\/p>\n\n\n\n<p class=\"wp-block-paragraph\"><\/p>\n\n\n\n<div class=\"wp-block-buttons alignwide is-content-justification-center is-layout-flex wp-container-core-buttons-is-layout-3e41869c wp-block-buttons-is-layout-flex\">\n<div class=\"wp-block-button\"><a class=\"wp-block-button__link has-text-align-center wp-element-button\" href=\"https:\/\/t2m.io\/capacitacionperiodistas\">Inscr\u00edbete gratis aqu\u00ed<\/a><\/div>\n<\/div>\n\n\n\n<p class=\"wp-block-paragraph\"><br>El workshop tiene como objetivo brindar herramientas, contexto y criterios t\u00e9cnicos que permitan fortalecer la cobertura period\u00edstica sobre bienestar animal en la regi\u00f3n, un tema que en los \u00faltimos a\u00f1os ha comenzado a ganar mayor presencia en la agenda p\u00fablica debido a sus implicancias \u00e9ticas, sanitarias y ambientales.<\/p>\n\n\n\n<h2 class=\"wp-block-heading\">Realidad del bienestar animal en Latinoam\u00e9rica.<\/h2>\n\n\n\n<p class=\"wp-block-paragraph\">En Am\u00e9rica Latina, gran parte de la producci\u00f3n de huevos y carne proviene de sistemas intensivos donde los animales viven en condiciones de alta concentraci\u00f3n y movilidad limitada. En el caso de las gallinas ponedoras, millones son criadas en sistemas de jaulas en bater\u00eda con un espacio aproximado al tama\u00f1o de una hoja A4 por ave, lo que les impide desarrollar comportamientos naturales b\u00e1sicos como extender las alas, anidar o escarbar.<\/p>\n\n\n\n<p class=\"wp-block-paragraph\">Diversos especialistas advierten que, adem\u00e1s del impacto directo sobre los animales, los sistemas de crianza intensiva tambi\u00e9n generan preocupaci\u00f3n desde el punto de vista sanitario, debido a que la alta concentraci\u00f3n de animales puede favorecer la propagaci\u00f3n de enfermedades y aumentar el riesgo de brotes zoon\u00f3ticos, es decir, enfermedades que pueden transmitirse de animales a humanos.<\/p>\n\n\n\n<p class=\"wp-block-paragraph\">Frente a este contexto, el rol del periodismo resulta clave para informar con rigurosidad sobre una problem\u00e1tica que conecta bienestar animal, salud p\u00fablica, sostenibilidad y transformaci\u00f3n del sistema alimentario.<\/p>\n\n\n\n<p class=\"wp-block-paragraph\">\u201cLa cobertura period\u00edstica cumple un papel fundamental para que la sociedad pueda comprender la complejidad de estos temas. Por eso es tan importante generar espacios de capacitaci\u00f3n que permitan a los periodistas acceder a informaci\u00f3n t\u00e9cnica, contexto y fuentes especializadas para entender mejor la realidad del bienestar animal en nuestra regi\u00f3n\u201d. <strong>Sandra Lopes, directora ejecutiva de Compromiso Verde<\/strong>.<\/p>","protected":false},"excerpt":{"rendered":"<p>Compromiso Verde (Per\u00fa) y el Observatorio de Bienestar Animal (Espa\u00f1a) organizar\u00e1n el I Workshop Internacional para Periodistas sobre Bienestar Animal en Hispanoam\u00e9rica, un espacio de capacitaci\u00f3n dirigido a periodistas de Per\u00fa, Argentina, Chile, M\u00e9xico, Ecuador y Espa\u00f1a que se realizar\u00e1 de manera gratuita y virtual el pr\u00f3ximo s\u00e1bado 21 de marzo. El workshop tiene como [&hellip;]<\/p>\n","protected":false},"author":50,"featured_media":10145,"comment_status":"closed","ping_status":"open","sticky":false,"template":"","format":"standard","meta":{"footnotes":"","_links_to":"","_links_to_target":""},"categories":[45],"tags":[],"post_folder":[],"class_list":["post-10143","post","type-post","status-publish","format-standard","has-post-thumbnail","hentry","category-eventos"],"yoast_head":"<!-- This site is optimized with the Yoast SEO plugin v28.4 - https:\/\/yoast.com\/product\/yoast-seo-wordpress\/ -->\n<title>I Workshop Internacional capacitar\u00e1 a periodistas de Hispanoam\u00e9rica en bienestar animal - Compromiso Verde<\/title>\n<meta name=\"description\" content=\"Compromiso Verde\" \/>\n<meta name=\"robots\" content=\"index, follow, max-snippet:-1, max-image-preview:large, max-video-preview:-1\" \/>\n<link rel=\"canonical\" href=\"https:\/\/compromisoverde.org\/en\/2026\/03\/i-workshop-internacional-capacitara-a-periodistas-de-hispanoamerica-en-bienestar-animal\/\" \/>\n<meta property=\"og:locale\" content=\"en_GB\" \/>\n<meta property=\"og:type\" content=\"article\" \/>\n<meta property=\"og:title\" content=\"I Workshop Internacional capacitar\u00e1 a periodistas de Hispanoam\u00e9rica en bienestar animal - Compromiso Verde\" \/>\n<meta property=\"og:description\" content=\"Compromiso Verde\" \/>\n<meta property=\"og:url\" content=\"https:\/\/compromisoverde.org\/en\/2026\/03\/i-workshop-internacional-capacitara-a-periodistas-de-hispanoamerica-en-bienestar-animal\/\" \/>\n<meta property=\"og:site_name\" content=\"Compromiso Verde\" \/>\n<meta property=\"article:publisher\" content=\"https:\/\/www.facebook.com\/profile.php?id=100092195840988\" \/>\n<meta property=\"article:published_time\" content=\"2026-03-05T22:00:19+00:00\" \/>\n<meta property=\"article:modified_time\" content=\"2026-03-05T22:03:14+00:00\" \/>\n<meta property=\"og:image\" content=\"https:\/\/compromisoverde.org\/wp-content\/uploads\/2026\/03\/WORKSHOP-PARA-PERIODISTAS-Video.avif\" \/>\n\t<meta property=\"og:image:width\" content=\"1920\" \/>\n\t<meta property=\"og:image:height\" content=\"1080\" \/>\n\t<meta property=\"og:image:type\" content=\"image\/jpeg\" \/>\n<meta name=\"author\" content=\"Compromiso Verde\" \/>\n<meta name=\"twitter:card\" content=\"summary_large_image\" \/>\n<meta name=\"twitter:label1\" content=\"Written by\" \/>\n\t<meta name=\"twitter:data1\" content=\"Compromiso Verde\" \/>\n\t<meta name=\"twitter:label2\" content=\"Estimated reading time\" \/>\n\t<meta name=\"twitter:data2\" content=\"2 minutes\" \/>\n<script type=\"application\/ld+json\" class=\"yoast-schema-graph\">{\"@context\":\"https:\\\/\\\/schema.org\",\"@graph\":[{\"@type\":\"Article\",\"@id\":\"https:\\\/\\\/compromisoverde.org\\\/2026\\\/03\\\/i-workshop-internacional-capacitara-a-periodistas-de-hispanoamerica-en-bienestar-animal\\\/#article\",\"isPartOf\":{\"@id\":\"https:\\\/\\\/compromisoverde.org\\\/2026\\\/03\\\/i-workshop-internacional-capacitara-a-periodistas-de-hispanoamerica-en-bienestar-animal\\\/\"},\"author\":{\"name\":\"Compromiso Verde\",\"@id\":\"https:\\\/\\\/compromisoverde.org\\\/#\\\/schema\\\/person\\\/79f9d7d66d51a64ea57882a706b8251e\"},\"headline\":\"I Workshop Internacional capacitar\u00e1 a periodistas de Hispanoam\u00e9rica en bienestar animal\",\"datePublished\":\"2026-03-05T22:00:19+00:00\",\"dateModified\":\"2026-03-05T22:03:14+00:00\",\"mainEntityOfPage\":{\"@id\":\"https:\\\/\\\/compromisoverde.org\\\/2026\\\/03\\\/i-workshop-internacional-capacitara-a-periodistas-de-hispanoamerica-en-bienestar-animal\\\/\"},\"wordCount\":368,\"publisher\":{\"@id\":\"https:\\\/\\\/compromisoverde.org\\\/#organization\"},\"image\":{\"@id\":\"https:\\\/\\\/compromisoverde.org\\\/2026\\\/03\\\/i-workshop-internacional-capacitara-a-periodistas-de-hispanoamerica-en-bienestar-animal\\\/#primaryimage\"},\"thumbnailUrl\":\"https:\\\/\\\/compromisoverde.org\\\/wp-content\\\/uploads\\\/2026\\\/03\\\/WORKSHOP-PARA-PERIODISTAS-Video.avif\",\"articleSection\":[\"Eventos\"],\"inLanguage\":\"en-GB\"},{\"@type\":\"WebPage\",\"@id\":\"https:\\\/\\\/compromisoverde.org\\\/2026\\\/03\\\/i-workshop-internacional-capacitara-a-periodistas-de-hispanoamerica-en-bienestar-animal\\\/\",\"url\":\"https:\\\/\\\/compromisoverde.org\\\/2026\\\/03\\\/i-workshop-internacional-capacitara-a-periodistas-de-hispanoamerica-en-bienestar-animal\\\/\",\"name\":\"I Workshop Internacional capacitar\u00e1 a periodistas de Hispanoam\u00e9rica en bienestar animal - Compromiso Verde\",\"isPartOf\":{\"@id\":\"https:\\\/\\\/compromisoverde.org\\\/#website\"},\"primaryImageOfPage\":{\"@id\":\"https:\\\/\\\/compromisoverde.org\\\/2026\\\/03\\\/i-workshop-internacional-capacitara-a-periodistas-de-hispanoamerica-en-bienestar-animal\\\/#primaryimage\"},\"image\":{\"@id\":\"https:\\\/\\\/compromisoverde.org\\\/2026\\\/03\\\/i-workshop-internacional-capacitara-a-periodistas-de-hispanoamerica-en-bienestar-animal\\\/#primaryimage\"},\"thumbnailUrl\":\"https:\\\/\\\/compromisoverde.org\\\/wp-content\\\/uploads\\\/2026\\\/03\\\/WORKSHOP-PARA-PERIODISTAS-Video.avif\",\"datePublished\":\"2026-03-05T22:00:19+00:00\",\"dateModified\":\"2026-03-05T22:03:14+00:00\",\"description\":\"Compromiso Verde\",\"breadcrumb\":{\"@id\":\"https:\\\/\\\/compromisoverde.org\\\/2026\\\/03\\\/i-workshop-internacional-capacitara-a-periodistas-de-hispanoamerica-en-bienestar-animal\\\/#breadcrumb\"},\"inLanguage\":\"en-GB\",\"potentialAction\":[{\"@type\":\"ReadAction\",\"target\":[\"https:\\\/\\\/compromisoverde.org\\\/2026\\\/03\\\/i-workshop-internacional-capacitara-a-periodistas-de-hispanoamerica-en-bienestar-animal\\\/\"]}]},{\"@type\":\"ImageObject\",\"inLanguage\":\"en-GB\",\"@id\":\"https:\\\/\\\/compromisoverde.org\\\/2026\\\/03\\\/i-workshop-internacional-capacitara-a-periodistas-de-hispanoamerica-en-bienestar-animal\\\/#primaryimage\",\"url\":\"https:\\\/\\\/compromisoverde.org\\\/wp-content\\\/uploads\\\/2026\\\/03\\\/WORKSHOP-PARA-PERIODISTAS-Video.avif\",\"contentUrl\":\"https:\\\/\\\/compromisoverde.org\\\/wp-content\\\/uploads\\\/2026\\\/03\\\/WORKSHOP-PARA-PERIODISTAS-Video.avif\",\"width\":1920,\"height\":1080,\"caption\":\"I Workshop Internacional capacitar\u00e1 a periodistas de Hispanoam\u00e9rica en bienestar animal\"},{\"@type\":\"BreadcrumbList\",\"@id\":\"https:\\\/\\\/compromisoverde.org\\\/2026\\\/03\\\/i-workshop-internacional-capacitara-a-periodistas-de-hispanoamerica-en-bienestar-animal\\\/#breadcrumb\",\"itemListElement\":[{\"@type\":\"ListItem\",\"position\":1,\"name\":\"In\u00edcio\",\"item\":\"https:\\\/\\\/compromisoverde.org\\\/\"},{\"@type\":\"ListItem\",\"position\":2,\"name\":\"I Workshop Internacional capacitar\u00e1 a periodistas de Hispanoam\u00e9rica en bienestar animal\"}]},{\"@type\":\"WebSite\",\"@id\":\"https:\\\/\\\/compromisoverde.org\\\/#website\",\"url\":\"https:\\\/\\\/compromisoverde.org\\\/\",\"name\":\"Compromiso Verde\",\"description\":\"Compromiso Verde\",\"publisher\":{\"@id\":\"https:\\\/\\\/compromisoverde.org\\\/#organization\"},\"potentialAction\":[{\"@type\":\"SearchAction\",\"target\":{\"@type\":\"EntryPoint\",\"urlTemplate\":\"https:\\\/\\\/compromisoverde.org\\\/?s={search_term_string}\"},\"query-input\":{\"@type\":\"PropertyValueSpecification\",\"valueRequired\":true,\"valueName\":\"search_term_string\"}}],\"inLanguage\":\"en-GB\"},{\"@type\":\"Organization\",\"@id\":\"https:\\\/\\\/compromisoverde.org\\\/#organization\",\"name\":\"Compromiso Verde\",\"url\":\"https:\\\/\\\/compromisoverde.org\\\/\",\"logo\":{\"@type\":\"ImageObject\",\"inLanguage\":\"en-GB\",\"@id\":\"https:\\\/\\\/compromisoverde.org\\\/#\\\/schema\\\/logo\\\/image\\\/\",\"url\":\"https:\\\/\\\/compromisoverde.org\\\/wp-content\\\/uploads\\\/2022\\\/10\\\/logo-V-para-fundo-branco.png\",\"contentUrl\":\"https:\\\/\\\/compromisoverde.org\\\/wp-content\\\/uploads\\\/2022\\\/10\\\/logo-V-para-fundo-branco.png\",\"width\":900,\"height\":278,\"caption\":\"Compromiso Verde\"},\"image\":{\"@id\":\"https:\\\/\\\/compromisoverde.org\\\/#\\\/schema\\\/logo\\\/image\\\/\"},\"sameAs\":[\"https:\\\/\\\/www.facebook.com\\\/profile.php?id=100092195840988\",\"https:\\\/\\\/www.linkedin.com\\\/company\\\/compromisoverde\\\/\",\"https:\\\/\\\/www.instagram.com\\\/compromisoverde.ong\\\/\"]},{\"@type\":\"Person\",\"@id\":\"https:\\\/\\\/compromisoverde.org\\\/#\\\/schema\\\/person\\\/79f9d7d66d51a64ea57882a706b8251e\",\"name\":\"Compromiso Verde\",\"url\":\"https:\\\/\\\/compromisoverde.org\\\/en\\\/author\\\/sandracompromisoverde-org\\\/\"}]}<\/script>\n<!-- \/ Yoast SEO plugin. -->","yoast_head_json":{"title":"I Workshop Internacional capacitar\u00e1 a periodistas de Hispanoam\u00e9rica en bienestar animal - Compromiso Verde","description":"Green Commitment","robots":{"index":"index","follow":"follow","max-snippet":"max-snippet:-1","max-image-preview":"max-image-preview:large","max-video-preview":"max-video-preview:-1"},"canonical":"https:\/\/compromisoverde.org\/en\/2026\/03\/i-workshop-internacional-capacitara-a-periodistas-de-hispanoamerica-en-bienestar-animal\/","og_locale":"en_GB","og_type":"article","og_title":"I Workshop Internacional capacitar\u00e1 a periodistas de Hispanoam\u00e9rica en bienestar animal - Compromiso Verde","og_description":"Compromiso Verde","og_url":"https:\/\/compromisoverde.org\/en\/2026\/03\/i-workshop-internacional-capacitara-a-periodistas-de-hispanoamerica-en-bienestar-animal\/","og_site_name":"Compromiso Verde","article_publisher":"https:\/\/www.facebook.com\/profile.php?id=100092195840988","article_published_time":"2026-03-05T22:00:19+00:00","article_modified_time":"2026-03-05T22:03:14+00:00","og_image":[{"width":1920,"height":1080,"url":"https:\/\/compromisoverde.org\/wp-content\/uploads\/2026\/03\/WORKSHOP-PARA-PERIODISTAS-Video.avif","type":"image\/jpeg"}],"author":"Compromiso Verde","twitter_card":"summary_large_image","twitter_misc":{"Written by":"Compromiso Verde","Estimated reading time":"2 minutes"},"schema":{"@context":"https:\/\/schema.org","@graph":[{"@type":"Article","@id":"https:\/\/compromisoverde.org\/2026\/03\/i-workshop-internacional-capacitara-a-periodistas-de-hispanoamerica-en-bienestar-animal\/#article","isPartOf":{"@id":"https:\/\/compromisoverde.org\/2026\/03\/i-workshop-internacional-capacitara-a-periodistas-de-hispanoamerica-en-bienestar-animal\/"},"author":{"name":"Compromiso Verde","@id":"https:\/\/compromisoverde.org\/#\/schema\/person\/79f9d7d66d51a64ea57882a706b8251e"},"headline":"I Workshop Internacional capacitar\u00e1 a periodistas de Hispanoam\u00e9rica en bienestar animal","datePublished":"2026-03-05T22:00:19+00:00","dateModified":"2026-03-05T22:03:14+00:00","mainEntityOfPage":{"@id":"https:\/\/compromisoverde.org\/2026\/03\/i-workshop-internacional-capacitara-a-periodistas-de-hispanoamerica-en-bienestar-animal\/"},"wordCount":368,"publisher":{"@id":"https:\/\/compromisoverde.org\/#organization"},"image":{"@id":"https:\/\/compromisoverde.org\/2026\/03\/i-workshop-internacional-capacitara-a-periodistas-de-hispanoamerica-en-bienestar-animal\/#primaryimage"},"thumbnailUrl":"https:\/\/compromisoverde.org\/wp-content\/uploads\/2026\/03\/WORKSHOP-PARA-PERIODISTAS-Video.avif","articleSection":["Eventos"],"inLanguage":"en-GB"},{"@type":"WebPage","@id":"https:\/\/compromisoverde.org\/2026\/03\/i-workshop-internacional-capacitara-a-periodistas-de-hispanoamerica-en-bienestar-animal\/","url":"https:\/\/compromisoverde.org\/2026\/03\/i-workshop-internacional-capacitara-a-periodistas-de-hispanoamerica-en-bienestar-animal\/","name":"I Workshop Internacional capacitar\u00e1 a periodistas de Hispanoam\u00e9rica en bienestar animal - Compromiso Verde","isPartOf":{"@id":"https:\/\/compromisoverde.org\/#website"},"primaryImageOfPage":{"@id":"https:\/\/compromisoverde.org\/2026\/03\/i-workshop-internacional-capacitara-a-periodistas-de-hispanoamerica-en-bienestar-animal\/#primaryimage"},"image":{"@id":"https:\/\/compromisoverde.org\/2026\/03\/i-workshop-internacional-capacitara-a-periodistas-de-hispanoamerica-en-bienestar-animal\/#primaryimage"},"thumbnailUrl":"https:\/\/compromisoverde.org\/wp-content\/uploads\/2026\/03\/WORKSHOP-PARA-PERIODISTAS-Video.avif","datePublished":"2026-03-05T22:00:19+00:00","dateModified":"2026-03-05T22:03:14+00:00","description":"Green Commitment","breadcrumb":{"@id":"https:\/\/compromisoverde.org\/2026\/03\/i-workshop-internacional-capacitara-a-periodistas-de-hispanoamerica-en-bienestar-animal\/#breadcrumb"},"inLanguage":"en-GB","potentialAction":[{"@type":"ReadAction","target":["https:\/\/compromisoverde.org\/2026\/03\/i-workshop-internacional-capacitara-a-periodistas-de-hispanoamerica-en-bienestar-animal\/"]}]},{"@type":"ImageObject","inLanguage":"en-GB","@id":"https:\/\/compromisoverde.org\/2026\/03\/i-workshop-internacional-capacitara-a-periodistas-de-hispanoamerica-en-bienestar-animal\/#primaryimage","url":"https:\/\/compromisoverde.org\/wp-content\/uploads\/2026\/03\/WORKSHOP-PARA-PERIODISTAS-Video.avif","contentUrl":"https:\/\/compromisoverde.org\/wp-content\/uploads\/2026\/03\/WORKSHOP-PARA-PERIODISTAS-Video.avif","width":1920,"height":1080,"caption":"I Workshop Internacional capacitar\u00e1 a periodistas de Hispanoam\u00e9rica en bienestar animal"},{"@type":"BreadcrumbList","@id":"https:\/\/compromisoverde.org\/2026\/03\/i-workshop-internacional-capacitara-a-periodistas-de-hispanoamerica-en-bienestar-animal\/#breadcrumb","itemListElement":[{"@type":"ListItem","position":1,"name":"In\u00edcio","item":"https:\/\/compromisoverde.org\/"},{"@type":"ListItem","position":2,"name":"I Workshop Internacional capacitar\u00e1 a periodistas de Hispanoam\u00e9rica en bienestar animal"}]},{"@type":"WebSite","@id":"https:\/\/compromisoverde.org\/#website","url":"https:\/\/compromisoverde.org\/","name":"Green Commitment","description":"Green Commitment","publisher":{"@id":"https:\/\/compromisoverde.org\/#organization"},"potentialAction":[{"@type":"SearchAction","target":{"@type":"EntryPoint","urlTemplate":"https:\/\/compromisoverde.org\/?s={search_term_string}"},"query-input":{"@type":"PropertyValueSpecification","valueRequired":true,"valueName":"search_term_string"}}],"inLanguage":"en-GB"},{"@type":"Organization","@id":"https:\/\/compromisoverde.org\/#organization","name":"Green Commitment","url":"https:\/\/compromisoverde.org\/","logo":{"@type":"ImageObject","inLanguage":"en-GB","@id":"https:\/\/compromisoverde.org\/#\/schema\/logo\/image\/","url":"https:\/\/compromisoverde.org\/wp-content\/uploads\/2022\/10\/logo-V-para-fundo-branco.png","contentUrl":"https:\/\/compromisoverde.org\/wp-content\/uploads\/2022\/10\/logo-V-para-fundo-branco.png","width":900,"height":278,"caption":"Compromiso Verde"},"image":{"@id":"https:\/\/compromisoverde.org\/#\/schema\/logo\/image\/"},"sameAs":["https:\/\/www.facebook.com\/profile.php?id=100092195840988","https:\/\/www.linkedin.com\/company\/compromisoverde\/","https:\/\/www.instagram.com\/compromisoverde.ong\/"]},{"@type":"Person","@id":"https:\/\/compromisoverde.org\/#\/schema\/person\/79f9d7d66d51a64ea57882a706b8251e","name":"Green Commitment","url":"https:\/\/compromisoverde.org\/en\/author\/sandracompromisoverde-org\/"}]}},"_links":{"self":[{"href":"https:\/\/compromisoverde.org\/en\/wp-json\/wp\/v2\/posts\/10143","targetHints":{"allow":["GET"]}}],"collection":[{"href":"https:\/\/compromisoverde.org\/en\/wp-json\/wp\/v2\/posts"}],"about":[{"href":"https:\/\/compromisoverde.org\/en\/wp-json\/wp\/v2\/types\/post"}],"author":[{"embeddable":true,"href":"https:\/\/compromisoverde.org\/en\/wp-json\/wp\/v2\/users\/50"}],"replies":[{"embeddable":true,"href":"https:\/\/compromisoverde.org\/en\/wp-json\/wp\/v2\/comments?post=10143"}],"version-history":[{"count":6,"href":"https:\/\/compromisoverde.org\/en\/wp-json\/wp\/v2\/posts\/10143\/revisions"}],"predecessor-version":[{"id":10152,"href":"https:\/\/compromisoverde.org\/en\/wp-json\/wp\/v2\/posts\/10143\/revisions\/10152"}],"wp:featuredmedia":[{"embeddable":true,"href":"https:\/\/compromisoverde.org\/en\/wp-json\/wp\/v2\/media\/10145"}],"wp:attachment":[{"href":"https:\/\/compromisoverde.org\/en\/wp-json\/wp\/v2\/media?parent=10143"}],"wp:term":[{"taxonomy":"category","embeddable":true,"href":"https:\/\/compromisoverde.org\/en\/wp-json\/wp\/v2\/categories?post=10143"},{"taxonomy":"post_tag","embeddable":true,"href":"https:\/\/compromisoverde.org\/en\/wp-json\/wp\/v2\/tags?post=10143"},{"taxonomy":"post_folder","embeddable":true,"href":"https:\/\/compromisoverde.org\/en\/wp-json\/wp\/v2\/post_folder?post=10143"}],"curies":[{"name":"wp","href":"https:\/\/api.w.org\/{rel}","templated":true}]}}